{"id":10771,"date":"2008-04-12T18:55:00","date_gmt":"2008-04-12T16:55:00","guid":{"rendered":"http:\/\/www.ff-sarstedt.de\/stadt\/archive\/10771"},"modified":"2008-04-12T18:55:00","modified_gmt":"2008-04-12T16:55:00","slug":"uebelriechende-fluessigkeit-tropfte-von-lkw","status":"publish","type":"post","link":"https:\/\/www.ff-sarstedt.de\/stadt\/archive\/10771","title":{"rendered":"\u00dcbelriechende Fl\u00fcssigkeit tropfte von Lkw"},"content":{"rendered":"<p>Am Sa., 12.04.08, geg. 17:00 h wunderten sich Passanten \u00fcber eine \u00fcbelriechende Fl\u00fcssigkeit, die aus einem in der Voss Str. abgestellten niederl\u00e4ndischen Lkw tropfte. Es wurde festgestellt, dass es sich um H\u00fchnerkot handelte, der noch Restfeuchtigkeit abgab. Da die Gefahr bestand, dass die Fl\u00fcssigkeit auch in die Regenwasserkanalisation gelangen k\u00f6nnte, wurde die FW Sarstedt zur Abbindung hinzugezogen. Die untere Wasserbeh\u00f6rde erhielt Kenntnis. Der Lkw Fahrer konnte ermittelt werden und stellte den Lkw bei einem Unternehmen mit Abscheider unter.<\/p>\n<hr \/>\n","protected":false},"excerpt":{"rendered":"<p>Am Sa., 12.04.08, geg. 17:00 h wunderten sich Passanten \u00fcber eine \u00fcbelriechende Fl\u00fcssigkeit, die aus einem in der Voss Str. abgestellten niederl\u00e4ndischen Lkw tropfte. Es wurde festgestellt, dass es sich um H\u00fchnerkot handelte, der noch Restfeuchtigkeit abgab. Da die Gefahr bestand, dass die Fl\u00fcssigkeit auch in die Regenwasserkanalisation gelangen k\u00f6nnte, wurde die FW Sarstedt zur [&hellip;]<\/p>\n","protected":false},"author":1,"featured_media":0,"comment_status":"closed","ping_status":"open","sticky":false,"template":"","format":"standard","meta":{"_monsterinsights_skip_tracking":false,"_monsterinsights_sitenote_active":false,"_monsterinsights_sitenote_note":"","_monsterinsights_sitenote_category":0,"footnotes":""},"categories":[13,60],"tags":[],"class_list":["post-10771","post","type-post","status-publish","format-standard","hentry","category-hilfeleistung","category-sarstedt"],"aioseo_notices":[],"_links":{"self":[{"href":"https:\/\/www.ff-sarstedt.de\/stadt\/wp-json\/wp\/v2\/posts\/10771","targetHints":{"allow":["GET"]}}],"collection":[{"href":"https:\/\/www.ff-sarstedt.de\/stadt\/wp-json\/wp\/v2\/posts"}],"about":[{"href":"https:\/\/www.ff-sarstedt.de\/stadt\/wp-json\/wp\/v2\/types\/post"}],"author":[{"embeddable":true,"href":"https:\/\/www.ff-sarstedt.de\/stadt\/wp-json\/wp\/v2\/users\/1"}],"replies":[{"embeddable":true,"href":"https:\/\/www.ff-sarstedt.de\/stadt\/wp-json\/wp\/v2\/comments?post=10771"}],"version-history":[{"count":0,"href":"https:\/\/www.ff-sarstedt.de\/stadt\/wp-json\/wp\/v2\/posts\/10771\/revisions"}],"wp:attachment":[{"href":"https:\/\/www.ff-sarstedt.de\/stadt\/wp-json\/wp\/v2\/media?parent=10771"}],"wp:term":[{"taxonomy":"category","embeddable":true,"href":"https:\/\/www.ff-sarstedt.de\/stadt\/wp-json\/wp\/v2\/categories?post=10771"},{"taxonomy":"post_tag","embeddable":true,"href":"https:\/\/www.ff-sarstedt.de\/stadt\/wp-json\/wp\/v2\/tags?post=10771"}],"curies":[{"name":"wp","href":"https:\/\/api.w.org\/{rel}","templated":true}]}}