{"id":10818,"date":"2007-09-01T16:09:00","date_gmt":"2007-09-01T14:09:00","guid":{"rendered":"http:\/\/www.ff-sarstedt.de\/stadt\/archive\/10818"},"modified":"2007-09-01T16:09:00","modified_gmt":"2007-09-01T14:09:00","slug":"erfolg-bei-den-wettkaempfen-in-borsum","status":"publish","type":"post","link":"https:\/\/www.ff-sarstedt.de\/stadt\/archive\/10818","title":{"rendered":"Erfolg bei den Wettk\u00e4mpfen in Borsum"},"content":{"rendered":"<div class=postoldimgfirst><a href=\"http:\/\/www.ff-sarstedt.de\/themenpark\/Berichte\/2007\/09\/200709011_5_900.jpg\" rel=\"lightbox[10818]\"><img decoding=\"async\" src=\"http:\/\/www.ff-sarstedt.de\/themenpark\/Berichte\/2007\/09\/200709011_5_900.jpg\" alt=\"\"><\/a><\/div>\n<p>Die Ortsfeuerwehr Sarstedt startete vergangenen Sonnabend in Borsum anl\u00e4sslich Ihres 105-j\u00e4hrigen Bestehens zu den Wettk\u00e4mpfen nach Heimberg-Fuchs.<br \/>\nDie Sarstedter Feuerwehr ging mit einer LF- und einer TS-Gruppe an den Start. Die LF-Gruppe belegte von 5 Gruppen den 3.Platz, die TS-Gruppe den 3. Platz von insgesamt 11 gestarteten Gruppen.<\/p>\n<hr \/>\n<p><a href=\"http:\/\/www.ff-sarstedt.de\/themenpark\/Berichte\/2007\/09\/200709011_1_900.jpg\" rel=\"lightbox[10818]\"><img decoding=\"async\" class=postoldimg src=\"http:\/\/www.ff-sarstedt.de\/themenpark\/Berichte\/2007\/09\/200709011_1_200.jpg\" alt=\"\"><\/a><a href=\"http:\/\/www.ff-sarstedt.de\/themenpark\/Berichte\/2007\/09\/200709011_2_900.jpg\" rel=\"lightbox[10818]\"><img decoding=\"async\" class=postoldimg src=\"http:\/\/www.ff-sarstedt.de\/themenpark\/Berichte\/2007\/09\/200709011_2_200.jpg\" alt=\"\"><\/a><a href=\"http:\/\/www.ff-sarstedt.de\/themenpark\/Berichte\/2007\/09\/200709011_3_900.jpg\" rel=\"lightbox[10818]\"><img decoding=\"async\" class=postoldimg src=\"http:\/\/www.ff-sarstedt.de\/themenpark\/Berichte\/2007\/09\/200709011_3_200.jpg\" alt=\"\"><\/a><a href=\"http:\/\/www.ff-sarstedt.de\/themenpark\/Berichte\/2007\/09\/200709011_4_900.jpg\" rel=\"lightbox[10818]\"><img decoding=\"async\" class=postoldimg src=\"http:\/\/www.ff-sarstedt.de\/themenpark\/Berichte\/2007\/09\/200709011_4_200.jpg\" alt=\"\"><\/a><a href=\"http:\/\/www.ff-sarstedt.de\/themenpark\/Berichte\/2007\/09\/200709011_6_900.jpg\" rel=\"lightbox[10818]\"><img decoding=\"async\" class=postoldimg src=\"http:\/\/www.ff-sarstedt.de\/themenpark\/Berichte\/2007\/09\/200709011_6_200.jpg\" alt=\"\"><\/a><a href=\"http:\/\/www.ff-sarstedt.de\/themenpark\/Berichte\/2007\/09\/200709011_7_900.jpg\" rel=\"lightbox[10818]\"><img decoding=\"async\" class=postoldimg src=\"http:\/\/www.ff-sarstedt.de\/themenpark\/Berichte\/2007\/09\/200709011_7_200.jpg\" alt=\"\"><\/a>        <\/p>\n<hr \/>\n","protected":false},"excerpt":{"rendered":"<p>Die Ortsfeuerwehr Sarstedt startete vergangenen Sonnabend in Borsum anl\u00e4sslich Ihres 105-j\u00e4hrigen Bestehens zu den Wettk\u00e4mpfen nach Heimberg-Fuchs. Die Sarstedter Feuerwehr ging mit einer LF- und einer TS-Gruppe an den Start. Die LF-Gruppe belegte von 5 Gruppen den 3.Platz, die TS-Gruppe den 3. Platz von insgesamt 11 gestarteten Gruppen.<\/p>\n","protected":false},"author":1,"featured_media":0,"comment_status":"closed","ping_status":"open","sticky":false,"template":"","format":"standard","meta":{"_monsterinsights_skip_tracking":false,"_monsterinsights_sitenote_active":false,"_monsterinsights_sitenote_note":"","_monsterinsights_sitenote_category":0,"footnotes":""},"categories":[60,43],"tags":[],"class_list":["post-10818","post","type-post","status-publish","format-standard","hentry","category-sarstedt","category-wettkampfgruppe"],"aioseo_notices":[],"_links":{"self":[{"href":"https:\/\/www.ff-sarstedt.de\/stadt\/wp-json\/wp\/v2\/posts\/10818","targetHints":{"allow":["GET"]}}],"collection":[{"href":"https:\/\/www.ff-sarstedt.de\/stadt\/wp-json\/wp\/v2\/posts"}],"about":[{"href":"https:\/\/www.ff-sarstedt.de\/stadt\/wp-json\/wp\/v2\/types\/post"}],"author":[{"embeddable":true,"href":"https:\/\/www.ff-sarstedt.de\/stadt\/wp-json\/wp\/v2\/users\/1"}],"replies":[{"embeddable":true,"href":"https:\/\/www.ff-sarstedt.de\/stadt\/wp-json\/wp\/v2\/comments?post=10818"}],"version-history":[{"count":0,"href":"https:\/\/www.ff-sarstedt.de\/stadt\/wp-json\/wp\/v2\/posts\/10818\/revisions"}],"wp:attachment":[{"href":"https:\/\/www.ff-sarstedt.de\/stadt\/wp-json\/wp\/v2\/media?parent=10818"}],"wp:term":[{"taxonomy":"category","embeddable":true,"href":"https:\/\/www.ff-sarstedt.de\/stadt\/wp-json\/wp\/v2\/categories?post=10818"},{"taxonomy":"post_tag","embeddable":true,"href":"https:\/\/www.ff-sarstedt.de\/stadt\/wp-json\/wp\/v2\/tags?post=10818"}],"curies":[{"name":"wp","href":"https:\/\/api.w.org\/{rel}","templated":true}]}}