{"id":12626,"date":"2016-06-24T21:52:18","date_gmt":"2016-06-24T19:52:18","guid":{"rendered":"http:\/\/www.ff-sarstedt.de\/stadt\/?p=12626"},"modified":"2016-06-25T15:37:14","modified_gmt":"2016-06-25T13:37:14","slug":"einsatzreicher-tag-fuer-die-feuerwehr-sarstedt","status":"publish","type":"post","link":"https:\/\/www.ff-sarstedt.de\/stadt\/archive\/12626","title":{"rendered":"Einsatzreicher Tag f\u00fcr die Feuerwehr Sarstedt"},"content":{"rendered":"<p>Trotz der hohen Temperaturen war f\u00fcr die Ortsfeuerwehr Sarstedt heute nicht an Erholung zu denken.<\/p>\n<p>Um 8:42Uhr meldeten sich unsere Alarmempf\u00e4nger zum ersten Mal an diesem Tage. Durch den starken Wind in der vorherigen Nacht ist ein morscher Baum auf ein PKW-Dach in der L\u00f6nsstra\u00dfe gest\u00fcrzt und besch\u00e4digte diesen. Die Besatzung des Tankl\u00f6schfahrzeuges entfernte den Baum mit routinierten Handgriffen und durch Einsatz einer Kettens\u00e4ge. Kurz vor dem Einr\u00fccken in das Feuerwehrhaus erhielt die Besatzung schon den n\u00e4chsten Einsatz, auch dieses mal galt es einen Sturmschaden in der Friedrich-Ebert-Stra\u00dfe abzuarbeiten.<\/p>\n<p>Nach einer kurzen Erholungsphase gaben die DME\u00b4s der Einsatzkr\u00e4fte um 12:28Uhr erneut Alarm. &#8220;Dachstuhlbrand in Hotteln&#8221; \u00a0 lautete die Alarmmeldung. Nach kurzer Zeit r\u00fcckten die Drehleiter, der Einsatzleitwagen sowie ein L\u00f6schfahrzeug nach Hotteln aus um die dortigen Kr\u00e4fte zu unterst\u00fctzen. Auf Anfahrt ist aber bekannt geworden das dort keine weitere Hilfe ben\u00f6tigt wird, und so konnten wir den Einsatz wieder schnell beenden.<\/p>\n<p>&nbsp;<\/p>\n<p>Zu unserem vierten Alarm am diesen Tag wurden wir um 14:49 Uhr in die M\u00fchlenstra\u00dfe gerufen.<\/p>\n<p>Ein aufmerksamer Nachbar h\u00f6rte seit einigen Minuten einen Rauchmelder piepen, und rief daraufhin die Feuerwehr. Diese r\u00fcckte mit dem Tankl\u00f6schfahrzeug, der Drehleiter sowie dem L\u00f6schgruppenfahrzeug unverz\u00fcglich aus.<\/p>\n<p>Gott sei Dank stellte sich dieses als ein Fehlalarm heraus und so konnten die Kr\u00e4fte nach kurzer Zeit wieder in den Standort einr\u00fccken.<\/p>\n","protected":false},"excerpt":{"rendered":"<p>Trotz der hohen Temperaturen war f\u00fcr die Ortsfeuerwehr Sarstedt heute nicht an Erholung zu denken. Um 8:42Uhr meldeten sich unsere Alarmempf\u00e4nger zum ersten Mal an diesem Tage. Durch den starken Wind in der vorherigen Nacht ist ein morscher Baum auf ein PKW-Dach in der L\u00f6nsstra\u00dfe gest\u00fcrzt und besch\u00e4digte diesen. Die Besatzung des Tankl\u00f6schfahrzeuges entfernte den [&hellip;]<\/p>\n","protected":false},"author":18,"featured_media":0,"comment_status":"closed","ping_status":"open","sticky":false,"template":"","format":"standard","meta":{"_monsterinsights_skip_tracking":false,"_monsterinsights_sitenote_active":false,"_monsterinsights_sitenote_note":"","_monsterinsights_sitenote_category":0,"footnotes":""},"categories":[32,42,39,58,60],"tags":[],"class_list":["post-12626","post","type-post","status-publish","format-standard","hentry","category-abteilung","category-einsatzabteilung","category-einsatz","category-ortsfeuerwehr","category-sarstedt"],"aioseo_notices":[],"_links":{"self":[{"href":"https:\/\/www.ff-sarstedt.de\/stadt\/wp-json\/wp\/v2\/posts\/12626","targetHints":{"allow":["GET"]}}],"collection":[{"href":"https:\/\/www.ff-sarstedt.de\/stadt\/wp-json\/wp\/v2\/posts"}],"about":[{"href":"https:\/\/www.ff-sarstedt.de\/stadt\/wp-json\/wp\/v2\/types\/post"}],"author":[{"embeddable":true,"href":"https:\/\/www.ff-sarstedt.de\/stadt\/wp-json\/wp\/v2\/users\/18"}],"replies":[{"embeddable":true,"href":"https:\/\/www.ff-sarstedt.de\/stadt\/wp-json\/wp\/v2\/comments?post=12626"}],"version-history":[{"count":0,"href":"https:\/\/www.ff-sarstedt.de\/stadt\/wp-json\/wp\/v2\/posts\/12626\/revisions"}],"wp:attachment":[{"href":"https:\/\/www.ff-sarstedt.de\/stadt\/wp-json\/wp\/v2\/media?parent=12626"}],"wp:term":[{"taxonomy":"category","embeddable":true,"href":"https:\/\/www.ff-sarstedt.de\/stadt\/wp-json\/wp\/v2\/categories?post=12626"},{"taxonomy":"post_tag","embeddable":true,"href":"https:\/\/www.ff-sarstedt.de\/stadt\/wp-json\/wp\/v2\/tags?post=12626"}],"curies":[{"name":"wp","href":"https:\/\/api.w.org\/{rel}","templated":true}]}}