{"id":12889,"date":"2016-08-03T10:48:46","date_gmt":"2016-08-03T08:48:46","guid":{"rendered":"http:\/\/www.ff-sarstedt.de\/stadt\/?p=12889"},"modified":"2016-08-03T18:08:10","modified_gmt":"2016-08-03T16:08:10","slug":"fahrertraining-der-feuerwehr-sarstedt","status":"publish","type":"post","link":"https:\/\/www.ff-sarstedt.de\/stadt\/archive\/12889","title":{"rendered":"Fahrertraining bei der Feuerwehr Sarstedt"},"content":{"rendered":"<p style=\"text-align: justify;\">Am Samstag (30.07.) war es nun soweit, ein lange geplantes Fahrertraining wurde durchgef\u00fchrt. Hierzu trafen sich Kameraden aus den Feuerwehren Sarstedt, Ruthe und Schliekum am fr\u00fchen Morgen am Feuerwehrhaus in Sarstedt.<br \/>\nUnter der Leitung von Zugf\u00fchrer Michael Bruns ging es nach einer kurzen Begr\u00fc\u00dfung zu einem abgesteckten Parcours, der ausf\u00fchrende Fahrlehrer Rainer Hoffmann erwartete die Teilnehmer bereits.<br \/>\nMit einer kurzen Einweisung ging es dann los\u2026Das richtige Einstellen von Sitz und Spiegel, Befahren und Wenden in einem abgesteckten Bereich, Slalomstrecke, erkennen der Fahrzeugbreite und r\u00fcckw\u00e4rts einparken. Diese Aufgaben wurden mehrmals absolviert bevor dann alle Teilnehmer die Gesamtstrecke auf Zeit befahren sollten.<br \/>\nNach der wohlverdienten Mittagspause wurde die Stecke dann umgebaut, jetzt\u00a0 war \u201ebremsen\u201c das Thema. Hierzu gaben die Teilnehmer eine Sch\u00e4tzung ihrer Anhaltewege auf trockener Stra\u00dfe mittels Pylonen ab. Im Anschluss waren dann Bremsungen auf nasser Strecke zu bew\u00e4ltigen bevor dann vom Fahrlehrer die Bremsbereitschaft w\u00e4hrend einer Alarmfahrt geschildert wurde. Auch hier konnten die Teilnehmer ihre eigenen Erfahrungen machen.<br \/>\nBei der abschlie\u00dfenden Besprechung hatten alle Gelegenheit ihre Erfahrungen aus dem Training zu besprechen. Alles in allem war es ein sehr gelungener Tag, alle Mitwirkenden haben dann mit vielen Erfahrungen um 15.30 die Heimreise angetreten.<\/p>\n<p>&nbsp;<\/p>\n","protected":false},"excerpt":{"rendered":"<p>Am Samstag (30.07.) war es nun soweit, ein lange geplantes Fahrertraining wurde durchgef\u00fchrt. Hierzu trafen sich Kameraden aus den Feuerwehren Sarstedt, Ruthe und Schliekum am fr\u00fchen Morgen am Feuerwehrhaus in Sarstedt. Unter der Leitung von Zugf\u00fchrer Michael Bruns ging es nach einer kurzen Begr\u00fc\u00dfung zu einem abgesteckten Parcours, der ausf\u00fchrende Fahrlehrer Rainer Hoffmann erwartete die [&hellip;]<\/p>\n","protected":false},"author":18,"featured_media":12890,"comment_status":"closed","ping_status":"open","sticky":false,"template":"","format":"gallery","meta":{"_monsterinsights_skip_tracking":false,"_monsterinsights_sitenote_active":false,"_monsterinsights_sitenote_note":"","_monsterinsights_sitenote_category":0,"footnotes":""},"categories":[32,42,60],"tags":[],"class_list":["post-12889","post","type-post","status-publish","format-gallery","has-post-thumbnail","hentry","category-abteilung","category-einsatzabteilung","category-sarstedt","post_format-post-format-gallery"],"aioseo_notices":[],"_links":{"self":[{"href":"https:\/\/www.ff-sarstedt.de\/stadt\/wp-json\/wp\/v2\/posts\/12889","targetHints":{"allow":["GET"]}}],"collection":[{"href":"https:\/\/www.ff-sarstedt.de\/stadt\/wp-json\/wp\/v2\/posts"}],"about":[{"href":"https:\/\/www.ff-sarstedt.de\/stadt\/wp-json\/wp\/v2\/types\/post"}],"author":[{"embeddable":true,"href":"https:\/\/www.ff-sarstedt.de\/stadt\/wp-json\/wp\/v2\/users\/18"}],"replies":[{"embeddable":true,"href":"https:\/\/www.ff-sarstedt.de\/stadt\/wp-json\/wp\/v2\/comments?post=12889"}],"version-history":[{"count":0,"href":"https:\/\/www.ff-sarstedt.de\/stadt\/wp-json\/wp\/v2\/posts\/12889\/revisions"}],"wp:featuredmedia":[{"embeddable":true,"href":"https:\/\/www.ff-sarstedt.de\/stadt\/wp-json\/wp\/v2\/media\/12890"}],"wp:attachment":[{"href":"https:\/\/www.ff-sarstedt.de\/stadt\/wp-json\/wp\/v2\/media?parent=12889"}],"wp:term":[{"taxonomy":"category","embeddable":true,"href":"https:\/\/www.ff-sarstedt.de\/stadt\/wp-json\/wp\/v2\/categories?post=12889"},{"taxonomy":"post_tag","embeddable":true,"href":"https:\/\/www.ff-sarstedt.de\/stadt\/wp-json\/wp\/v2\/tags?post=12889"}],"curies":[{"name":"wp","href":"https:\/\/api.w.org\/{rel}","templated":true}]}}