{"id":14785,"date":"2017-06-10T21:00:07","date_gmt":"2017-06-10T19:00:07","guid":{"rendered":"http:\/\/www.ff-sarstedt.de\/stadt\/?p=14785"},"modified":"2017-06-10T20:28:11","modified_gmt":"2017-06-10T18:28:11","slug":"erste-halbjahr-der-jugendfeuerwehr-sarstedt-im-ueberblick","status":"publish","type":"post","link":"https:\/\/www.ff-sarstedt.de\/stadt\/archive\/14785","title":{"rendered":"Erste Halbjahr der Jugendfeuerwehr Sarstedt im \u00dcberblick"},"content":{"rendered":"<p>Nun ist es soweit, das erste Halbjahr der Jugendfeuerwehr Sarstedt n\u00e4hert sich dem Ende und es geht auf die Sommerferien zu.<\/p>\n<p>&nbsp;<\/p>\n<p>Lass uns gemeinsam schauen was wir in 2017 schon erlebt haben:<\/p>\n<p>&nbsp;<\/p>\n<p>Wie jedes Jahr, starteten wir mit der Tannenbaumaktion ins neue Feuerwehrjahr. Zu diesem Anlass bekamen wir auch wieder gro\u00dfe Unterst\u00fctzung aus der Einsatzabteilung, sowie von den Alterskameraden.<\/p>\n<div id=\"attachment_14792\" style=\"width: 235px\" class=\"wp-caption alignnone\"><img loading=\"lazy\" decoding=\"async\" aria-describedby=\"caption-attachment-14792\" class=\"wp-image-14792 size-medium\" src=\"https:\/\/www.ff-sarstedt.de\/stadt\/wp-content\/uploads\/2017\/06\/Heiko-225x300.jpg\" alt=\"\" width=\"225\" height=\"300\" \/><p id=\"caption-attachment-14792\" class=\"wp-caption-text\">Heiko Pasemann nimmt den ersten Weihnachtsbaum an.<\/p><\/div>\n<p>Ebenfalls am 07. Januar startete die JF Sarstedt ihre eigene <a href=\"https:\/\/www.facebook.com\/jfsarstedt\/\">Facebookseite<\/a>. Hier informieren wir laufend \u00fcber unsere Aktivit\u00e4ten und Veranstaltungen.<\/p>\n<p>&nbsp;<\/p>\n<p>Unsere ersten Ausbildungsdienste in 2017 bauten auf dem Grundlagenwissen der Jugendlichen auf. Es ging um Fahrzeug- und Ger\u00e4tekunde, sowie um Knoten und Stiche. Dieses Wissen m\u00fcssen die Jugendlichen bei fast jedem Dienst abrufen k\u00f6nnen.<\/p>\n<div id=\"attachment_14793\" style=\"width: 310px\" class=\"wp-caption alignnone\"><img loading=\"lazy\" decoding=\"async\" aria-describedby=\"caption-attachment-14793\" class=\"size-medium wp-image-14793\" src=\"https:\/\/www.ff-sarstedt.de\/stadt\/wp-content\/uploads\/2017\/06\/Fahrzeug-und-Ger\u00e4tekunde-300x225.jpg\" alt=\"\" width=\"300\" height=\"225\" \/><p id=\"caption-attachment-14793\" class=\"wp-caption-text\">Jugendfeuerwehrwart Marc Anders erkl\u00e4rt den Schlauchhalter.<\/p><\/div>\n<p>&nbsp;<\/p>\n<p>Am 14.01.17 haben wir gemeinsam mit der Kinderfeuerwehr die Berufsfeuerwehr Hannover besucht. Unser Ortsbrandmeister Maik Kreutzkam, der auf der Feuer- und Rettungswache 1 arbeitet, hat uns herumgef\u00fchrt und alles Wissenswerte gezeigt.<\/p>\n<div id=\"attachment_14794\" style=\"width: 310px\" class=\"wp-caption alignnone\"><img loading=\"lazy\" decoding=\"async\" aria-describedby=\"caption-attachment-14794\" class=\"size-medium wp-image-14794\" src=\"https:\/\/www.ff-sarstedt.de\/stadt\/wp-content\/uploads\/2017\/06\/RTW-300x225.jpg\" alt=\"\" width=\"300\" height=\"225\" \/><p id=\"caption-attachment-14794\" class=\"wp-caption-text\">Maik zeigt den Jugendlichen einen Rettungstransportwagen der Berufsfeuerwehr<\/p><\/div>\n<p>Nachfolgend kam am 29. Januar die <a href=\"https:\/\/www.ff-sarstedt.de\/stadt\/archive\/13790\">137. Mitgliederversammlung<\/a>. Hier wurden die besten drei Jugendlichen, f\u00fcr die beste Dienstbeteiligung geehrt und unser Jugendfeuerwehrwart Marc Anders wurde zum L\u00f6schmeister bef\u00f6rdert.<\/p>\n<p>In den darauffolgenden Diensten der Jugendfeuerwehr Sarstedt wurde flei\u00dfig f\u00fcr die Wettbewerbe trainiert. Wir nahmen am 29. April beim<a href=\"https:\/\/www.ff-sarstedt.de\/stadt\/archive\/14365\"> Stadtpokal in Sarstedt<\/a>\u00a0und am 14.05 beim <a href=\"https:\/\/www.ff-sarstedt.de\/stadt\/archive\/14528\">Abschnittswettbewerb in S\u00f6hlde<\/a>, teil.<\/p>\n<p><img loading=\"lazy\" decoding=\"async\" class=\"alignnone size-medium wp-image-14795\" src=\"https:\/\/www.ff-sarstedt.de\/stadt\/wp-content\/uploads\/2017\/06\/Stadtpokal-Sarstedt-2017-300x169.jpg\" alt=\"\" width=\"300\" height=\"169\" \/> <img loading=\"lazy\" decoding=\"async\" class=\"alignnone size-medium wp-image-14796\" src=\"https:\/\/www.ff-sarstedt.de\/stadt\/wp-content\/uploads\/2017\/06\/Wettbewerb-BA-Nord-S\u00f6hlde-300x169.jpg\" alt=\"\" width=\"300\" height=\"169\" \/><\/p>\n<p>Zu dieser Zeit wurden die 112 Likes auf der <a href=\"https:\/\/www.facebook.com\/jfsarstedt\/\">Facebookseite <\/a>in nicht mal 1,5 Monaten erreicht. Dazu haben wir f\u00fcr unseren Fans ein besonderes Bild kreiert.<\/p>\n<p><img loading=\"lazy\" decoding=\"async\" class=\"alignnone size-medium wp-image-14798\" src=\"https:\/\/www.ff-sarstedt.de\/stadt\/wp-content\/uploads\/2017\/06\/112-300x300.jpg\" alt=\"\" width=\"300\" height=\"300\" \/><\/p>\n<p>&nbsp;<\/p>\n<p>Am 4. und 5. M\u00e4rz nahmen wir gemeinsam mit der Einsatzabteilung am 24-h-Schwimmen im Innerstebad teil, wo die 18 Kameraden insgesamt 51.250 m geschwommen sind.<\/p>\n<p>&nbsp;<\/p>\n<p>In Punkto Mitgliederwerbung und \u00d6ffentlichkeitsarbeit haben wir auch einiges getan und so begann am 12. M\u00e4rz auf unserer <a href=\"https:\/\/www.facebook.com\/jfsarstedt\/\">Facebookseite <\/a>die Aktion ,,<strong>WIR SUCHEN DICH<\/strong>\u00b4\u00b4. In k\u00fcrzester Zeit erreichten wir fast 15.000 Menschen. Erfolgreich war es auf jeden Fall. Es gab sowohl in der Einsatzabteilung als auch in der Jugendfeuerwehr leichten Zuwachs.<\/p>\n<p><img loading=\"lazy\" decoding=\"async\" class=\"alignnone size-medium wp-image-14797\" src=\"https:\/\/www.ff-sarstedt.de\/stadt\/wp-content\/uploads\/2017\/06\/WIR-SUCHEN-DICH-300x200.jpg\" alt=\"\" width=\"300\" height=\"200\" \/><\/p>\n<p>&nbsp;<\/p>\n<p>Als Motivation kam unser Ortsbrandmeister am 16. Mai vorbei und \u00fcberraschte uns mit einem gemeinsamen Grillen.<\/p>\n<p>Darauffolgend wurde eine \u00dcbung f\u00fcr den <a href=\"https:\/\/www.ff-sarstedt.de\/stadt\/archive\/14769\">Tag der offenen T\u00fcr<\/a>\u00a0am 01.07. einge\u00fcbt. Der Tag der offenen T\u00fcr ist somit das Ende des Halbjahres und der Start der Sommerpause.<\/p>\n<p>Vor den Sommerferien sind noch zwei Dienste. Die k\u00f6nnt Ihr hier bei den <a href=\"https:\/\/www.ff-sarstedt.de\/stadt\/sarstedt\/kalender\">Terminen <\/a>nachlesen.<\/p>\n","protected":false},"excerpt":{"rendered":"<p>Nun ist es soweit, das erste Halbjahr der Jugendfeuerwehr Sarstedt n\u00e4hert sich dem Ende und es geht auf die Sommerferien zu. &nbsp; Lass uns gemeinsam schauen was wir in 2017 schon erlebt haben: &nbsp; Wie jedes Jahr, starteten wir mit der Tannenbaumaktion ins neue Feuerwehrjahr. Zu diesem Anlass bekamen wir auch wieder gro\u00dfe Unterst\u00fctzung aus [&hellip;]<\/p>\n","protected":false},"author":29,"featured_media":14791,"comment_status":"closed","ping_status":"open","sticky":false,"template":"","format":"standard","meta":{"_monsterinsights_skip_tracking":false,"_monsterinsights_sitenote_active":false,"_monsterinsights_sitenote_note":"","_monsterinsights_sitenote_category":0,"footnotes":""},"categories":[1,12,60],"tags":[],"class_list":["post-14785","post","type-post","status-publish","format-standard","has-post-thumbnail","hentry","category-allgemein","category-jugendfeuerwehr","category-sarstedt"],"aioseo_notices":[],"_links":{"self":[{"href":"https:\/\/www.ff-sarstedt.de\/stadt\/wp-json\/wp\/v2\/posts\/14785","targetHints":{"allow":["GET"]}}],"collection":[{"href":"https:\/\/www.ff-sarstedt.de\/stadt\/wp-json\/wp\/v2\/posts"}],"about":[{"href":"https:\/\/www.ff-sarstedt.de\/stadt\/wp-json\/wp\/v2\/types\/post"}],"author":[{"embeddable":true,"href":"https:\/\/www.ff-sarstedt.de\/stadt\/wp-json\/wp\/v2\/users\/29"}],"replies":[{"embeddable":true,"href":"https:\/\/www.ff-sarstedt.de\/stadt\/wp-json\/wp\/v2\/comments?post=14785"}],"version-history":[{"count":0,"href":"https:\/\/www.ff-sarstedt.de\/stadt\/wp-json\/wp\/v2\/posts\/14785\/revisions"}],"wp:featuredmedia":[{"embeddable":true,"href":"https:\/\/www.ff-sarstedt.de\/stadt\/wp-json\/wp\/v2\/media\/14791"}],"wp:attachment":[{"href":"https:\/\/www.ff-sarstedt.de\/stadt\/wp-json\/wp\/v2\/media?parent=14785"}],"wp:term":[{"taxonomy":"category","embeddable":true,"href":"https:\/\/www.ff-sarstedt.de\/stadt\/wp-json\/wp\/v2\/categories?post=14785"},{"taxonomy":"post_tag","embeddable":true,"href":"https:\/\/www.ff-sarstedt.de\/stadt\/wp-json\/wp\/v2\/tags?post=14785"}],"curies":[{"name":"wp","href":"https:\/\/api.w.org\/{rel}","templated":true}]}}