{"id":15230,"date":"2017-07-26T11:07:23","date_gmt":"2017-07-26T09:07:23","guid":{"rendered":"http:\/\/www.ff-sarstedt.de\/stadt\/?p=15230"},"modified":"2017-07-26T11:07:23","modified_gmt":"2017-07-26T09:07:23","slug":"hochwasserlage-in-sarstedt-spitzt-sich-zu","status":"publish","type":"post","link":"https:\/\/www.ff-sarstedt.de\/stadt\/archive\/15230","title":{"rendered":"Hochwasserlage in Sarstedt spitzt sich zu"},"content":{"rendered":"<p>Seit den fr\u00fchen Morgenstunden steigt der Pegel der Innerste im Stadtgebiet Sarstedt weiter an. Derzeit sind weitere Ma\u00dfnahmen zur Sicherung der Innenstadt in Vorbereitung. Auch eine Hochleistungspumpe des THW Bremen wird dann zum Einsatz kommen. Auch die st\u00e4dtischen Mitarbeiter des Bauhofes und der Stadtentw\u00e4sserung sind schon seit Stunden mit der Feuerwehr im Einsatz. Heute Vormittag sind ca.70 Einsatzkr\u00e4fte der Stadtfeuerwehr Sarstedt im Hochwassereinsatz, davon 23 Feuerwehrangeh\u00f6rige in Hildesheim zur Unterst\u00fctzung der dortigen Einsatzkr\u00e4fte. Im Feuerwehrhaus im Kirchenfelde ist seit Dienstag eine \u00f6rtliche Einsatzleitung installiert um die Einsatzleitstelle in Hildesheim zu entlasten.<\/p>\n<p>Nils Eichler<\/p>\n","protected":false},"excerpt":{"rendered":"<p>Seit den fr\u00fchen Morgenstunden steigt der Pegel der Innerste im Stadtgebiet Sarstedt weiter an. Derzeit sind weitere Ma\u00dfnahmen zur Sicherung der Innenstadt in Vorbereitung. Auch eine Hochleistungspumpe des THW Bremen wird dann zum Einsatz kommen. Auch die st\u00e4dtischen Mitarbeiter des Bauhofes und der Stadtentw\u00e4sserung sind schon seit Stunden mit der Feuerwehr im Einsatz. Heute Vormittag [&hellip;]<\/p>\n","protected":false},"author":18,"featured_media":0,"comment_status":"closed","ping_status":"open","sticky":false,"template":"","format":"standard","meta":{"_monsterinsights_skip_tracking":false,"_monsterinsights_sitenote_active":false,"_monsterinsights_sitenote_note":"","_monsterinsights_sitenote_category":0,"footnotes":""},"categories":[1],"tags":[],"class_list":["post-15230","post","type-post","status-publish","format-standard","hentry","category-allgemein"],"aioseo_notices":[],"_links":{"self":[{"href":"https:\/\/www.ff-sarstedt.de\/stadt\/wp-json\/wp\/v2\/posts\/15230","targetHints":{"allow":["GET"]}}],"collection":[{"href":"https:\/\/www.ff-sarstedt.de\/stadt\/wp-json\/wp\/v2\/posts"}],"about":[{"href":"https:\/\/www.ff-sarstedt.de\/stadt\/wp-json\/wp\/v2\/types\/post"}],"author":[{"embeddable":true,"href":"https:\/\/www.ff-sarstedt.de\/stadt\/wp-json\/wp\/v2\/users\/18"}],"replies":[{"embeddable":true,"href":"https:\/\/www.ff-sarstedt.de\/stadt\/wp-json\/wp\/v2\/comments?post=15230"}],"version-history":[{"count":0,"href":"https:\/\/www.ff-sarstedt.de\/stadt\/wp-json\/wp\/v2\/posts\/15230\/revisions"}],"wp:attachment":[{"href":"https:\/\/www.ff-sarstedt.de\/stadt\/wp-json\/wp\/v2\/media?parent=15230"}],"wp:term":[{"taxonomy":"category","embeddable":true,"href":"https:\/\/www.ff-sarstedt.de\/stadt\/wp-json\/wp\/v2\/categories?post=15230"},{"taxonomy":"post_tag","embeddable":true,"href":"https:\/\/www.ff-sarstedt.de\/stadt\/wp-json\/wp\/v2\/tags?post=15230"}],"curies":[{"name":"wp","href":"https:\/\/api.w.org\/{rel}","templated":true}]}}