{"id":15232,"date":"2017-07-26T12:01:08","date_gmt":"2017-07-26T10:01:08","guid":{"rendered":"http:\/\/www.ff-sarstedt.de\/stadt\/?p=15232"},"modified":"2017-08-03T09:32:10","modified_gmt":"2017-08-03T07:32:10","slug":"strassensperrung-in-sarstedt","status":"publish","type":"post","link":"https:\/\/www.ff-sarstedt.de\/stadt\/archive\/15232","title":{"rendered":"Stra\u00dfensperrung in Sarstedt"},"content":{"rendered":"<p>Seit heute Vormittag ist auch die K 515 (Ruther Stra\u00dfe) auf H\u00f6he des FSV Sportparks gesperrt. Eine Anfahrt nach Ruthe ist jetzt nur noch \u00fcber Heisede m\u00f6glich. Das Gewerbegebiet &#8220;Wenderter Stra\u00dfe&#8221; ist aber noch zu erreichen. Schon in der Nacht mussten das THW Sarstedt und die Ortsfeuerwehr Schliekum Sandsackbarrieren in der Sch\u00fctzenstra\u00dfe\/ Am Wiesengrund sowie an den Wohnh\u00e4usern \u201eVor den Furchen\u201c aufstapeln. \u00a0Zurzeit werden f\u00fcnf LKW Ladungen Sand am Schulzentrum und am Bauhof in Sands\u00e4cke verf\u00fcllt um eine ausreichende Menge zu bevorraten. Deshalb sind auch heute etwa \u00a048.000 Sands\u00e4cke geordert worden, die dann je nach Bedarf bef\u00fcllt werden k\u00f6nnen.<\/p>\n<p>Nils Eichler<\/p>\n","protected":false},"excerpt":{"rendered":"<p>Seit heute Vormittag ist auch die K 515 (Ruther Stra\u00dfe) auf H\u00f6he des FSV Sportparks gesperrt. Eine Anfahrt nach Ruthe ist jetzt nur noch \u00fcber Heisede m\u00f6glich. Das Gewerbegebiet &#8220;Wenderter Stra\u00dfe&#8221; ist aber noch zu erreichen. Schon in der Nacht mussten das THW Sarstedt und die Ortsfeuerwehr Schliekum Sandsackbarrieren in der Sch\u00fctzenstra\u00dfe\/ Am Wiesengrund sowie [&hellip;]<\/p>\n","protected":false},"author":18,"featured_media":0,"comment_status":"closed","ping_status":"open","sticky":false,"template":"","format":"standard","meta":{"_monsterinsights_skip_tracking":false,"_monsterinsights_sitenote_active":false,"_monsterinsights_sitenote_note":"","_monsterinsights_sitenote_category":0,"footnotes":""},"categories":[1,26],"tags":[],"class_list":["post-15232","post","type-post","status-publish","format-standard","hentry","category-allgemein","category-schliekum"],"aioseo_notices":[],"_links":{"self":[{"href":"https:\/\/www.ff-sarstedt.de\/stadt\/wp-json\/wp\/v2\/posts\/15232","targetHints":{"allow":["GET"]}}],"collection":[{"href":"https:\/\/www.ff-sarstedt.de\/stadt\/wp-json\/wp\/v2\/posts"}],"about":[{"href":"https:\/\/www.ff-sarstedt.de\/stadt\/wp-json\/wp\/v2\/types\/post"}],"author":[{"embeddable":true,"href":"https:\/\/www.ff-sarstedt.de\/stadt\/wp-json\/wp\/v2\/users\/18"}],"replies":[{"embeddable":true,"href":"https:\/\/www.ff-sarstedt.de\/stadt\/wp-json\/wp\/v2\/comments?post=15232"}],"version-history":[{"count":0,"href":"https:\/\/www.ff-sarstedt.de\/stadt\/wp-json\/wp\/v2\/posts\/15232\/revisions"}],"wp:attachment":[{"href":"https:\/\/www.ff-sarstedt.de\/stadt\/wp-json\/wp\/v2\/media?parent=15232"}],"wp:term":[{"taxonomy":"category","embeddable":true,"href":"https:\/\/www.ff-sarstedt.de\/stadt\/wp-json\/wp\/v2\/categories?post=15232"},{"taxonomy":"post_tag","embeddable":true,"href":"https:\/\/www.ff-sarstedt.de\/stadt\/wp-json\/wp\/v2\/tags?post=15232"}],"curies":[{"name":"wp","href":"https:\/\/api.w.org\/{rel}","templated":true}]}}