{"id":15239,"date":"2017-07-26T15:34:48","date_gmt":"2017-07-26T13:34:48","guid":{"rendered":"http:\/\/www.ff-sarstedt.de\/stadt\/?p=15239"},"modified":"2017-07-26T15:34:48","modified_gmt":"2017-07-26T13:34:48","slug":"unterstuetzung-aus-bremen","status":"publish","type":"post","link":"https:\/\/www.ff-sarstedt.de\/stadt\/archive\/15239","title":{"rendered":"Unterst\u00fctzung aus Bremen."},"content":{"rendered":"<p>Trotz des mittlerweile sch\u00f6nen Wetters sind noch alle Regenwasserkan\u00e4le \u00fcberflutet. \u00a0Deshalb wird zur Stunde ein gro\u00dfes Pumpsystem des THW Bremen aufgebaut. Die gef\u00e4hrdeten Bereiche an der Holztorbr\u00fccke und in der Sch\u00fctzenstra\u00dfe sollen damit entlastet werden. Viele B\u00fcrger behelfen sich mit eigenen Pumpen oder sch\u00fctzen ihre Hauseing\u00e4nge durch Sands\u00e4cke. Das entlastet alle Helfer und l\u00e4sst auch mal eine Pause zu. Viele B\u00fcrger haben auch aktiv ihre Hilfe angeboten sogar beim Bef\u00fcllen der Sands\u00e4cke. Aber zum Gl\u00fcck hat sich die Wetterlage normalisiert und zu einer leichten Entspannung der Lage gef\u00fchrt. Dennoch m\u00f6chten wir daf\u00fcr danken.<\/p>\n<p>Nils Eichler<\/p>\n","protected":false},"excerpt":{"rendered":"<p>Trotz des mittlerweile sch\u00f6nen Wetters sind noch alle Regenwasserkan\u00e4le \u00fcberflutet. \u00a0Deshalb wird zur Stunde ein gro\u00dfes Pumpsystem des THW Bremen aufgebaut. Die gef\u00e4hrdeten Bereiche an der Holztorbr\u00fccke und in der Sch\u00fctzenstra\u00dfe sollen damit entlastet werden. Viele B\u00fcrger behelfen sich mit eigenen Pumpen oder sch\u00fctzen ihre Hauseing\u00e4nge durch Sands\u00e4cke. Das entlastet alle Helfer und l\u00e4sst auch [&hellip;]<\/p>\n","protected":false},"author":18,"featured_media":0,"comment_status":"closed","ping_status":"open","sticky":false,"template":"","format":"standard","meta":{"_monsterinsights_skip_tracking":false,"_monsterinsights_sitenote_active":false,"_monsterinsights_sitenote_note":"","_monsterinsights_sitenote_category":0,"footnotes":""},"categories":[1],"tags":[],"class_list":["post-15239","post","type-post","status-publish","format-standard","hentry","category-allgemein"],"aioseo_notices":[],"_links":{"self":[{"href":"https:\/\/www.ff-sarstedt.de\/stadt\/wp-json\/wp\/v2\/posts\/15239","targetHints":{"allow":["GET"]}}],"collection":[{"href":"https:\/\/www.ff-sarstedt.de\/stadt\/wp-json\/wp\/v2\/posts"}],"about":[{"href":"https:\/\/www.ff-sarstedt.de\/stadt\/wp-json\/wp\/v2\/types\/post"}],"author":[{"embeddable":true,"href":"https:\/\/www.ff-sarstedt.de\/stadt\/wp-json\/wp\/v2\/users\/18"}],"replies":[{"embeddable":true,"href":"https:\/\/www.ff-sarstedt.de\/stadt\/wp-json\/wp\/v2\/comments?post=15239"}],"version-history":[{"count":0,"href":"https:\/\/www.ff-sarstedt.de\/stadt\/wp-json\/wp\/v2\/posts\/15239\/revisions"}],"wp:attachment":[{"href":"https:\/\/www.ff-sarstedt.de\/stadt\/wp-json\/wp\/v2\/media?parent=15239"}],"wp:term":[{"taxonomy":"category","embeddable":true,"href":"https:\/\/www.ff-sarstedt.de\/stadt\/wp-json\/wp\/v2\/categories?post=15239"},{"taxonomy":"post_tag","embeddable":true,"href":"https:\/\/www.ff-sarstedt.de\/stadt\/wp-json\/wp\/v2\/tags?post=15239"}],"curies":[{"name":"wp","href":"https:\/\/api.w.org\/{rel}","templated":true}]}}