{"id":15251,"date":"2017-07-26T19:47:18","date_gmt":"2017-07-26T17:47:18","guid":{"rendered":"http:\/\/www.ff-sarstedt.de\/stadt\/?p=15251"},"modified":"2017-07-26T21:10:43","modified_gmt":"2017-07-26T19:10:43","slug":"einsatz-dauert-bis-in-die-nacht-hinein","status":"publish","type":"post","link":"https:\/\/www.ff-sarstedt.de\/stadt\/archive\/15251","title":{"rendered":"Einsatz dauert bis in die Nacht hinein"},"content":{"rendered":"<p>Soeben sind weitere Feuerwehrkr\u00e4fte aus Algermissen und Harsum eingetroffen um \u201eVor den Furchen\u201c einen weiteren Deichverbau zu erstellen. Auch im Bereich \u201eAuf der Bleiche\u201c wird ein bis zu 60 Meter Lager Deichbau entstehen. Hier sind auch einige private landwirtschaftliche Fahrzeuge zum Transport der gef\u00fcllten S\u00e4cke eingesetzt worden. Die Holztorstra\u00dfe muss nun doch vollst\u00e4ndig gesperrt werden, da das Wasser bereits \u00fcber den Brickelweg flie\u00dft.<\/p>\n<p>An der Holztorbr\u00fccke wurden aus Schaulustige, pl\u00f6tzlich lustige Helfer. Durch einen Allgemeinen Aufruf in die Runde konnte der Einsatzleiter Jens Klug zu einer recht ansehnlichen Sandsackkette ermuntern. Vielen Dank.<\/p>\n<p><img loading=\"lazy\" decoding=\"async\" class=\"alignnone size-medium wp-image-15253\" src=\"https:\/\/www.ff-sarstedt.de\/stadt\/wp-content\/uploads\/2017\/07\/WP_20170726_18_58_32_Pro-300x169.jpg\" alt=\"\" width=\"300\" height=\"169\" \/><\/p>\n","protected":false},"excerpt":{"rendered":"<p>Soeben sind weitere Feuerwehrkr\u00e4fte aus Algermissen und Harsum eingetroffen um \u201eVor den Furchen\u201c einen weiteren Deichverbau zu erstellen. Auch im Bereich \u201eAuf der Bleiche\u201c wird ein bis zu 60 Meter Lager Deichbau entstehen. Hier sind auch einige private landwirtschaftliche Fahrzeuge zum Transport der gef\u00fcllten S\u00e4cke eingesetzt worden. Die Holztorstra\u00dfe muss nun doch vollst\u00e4ndig gesperrt werden, [&hellip;]<\/p>\n","protected":false},"author":18,"featured_media":0,"comment_status":"closed","ping_status":"open","sticky":false,"template":"","format":"standard","meta":{"_monsterinsights_skip_tracking":false,"_monsterinsights_sitenote_active":false,"_monsterinsights_sitenote_note":"","_monsterinsights_sitenote_category":0,"footnotes":""},"categories":[1],"tags":[],"class_list":["post-15251","post","type-post","status-publish","format-standard","hentry","category-allgemein"],"aioseo_notices":[],"_links":{"self":[{"href":"https:\/\/www.ff-sarstedt.de\/stadt\/wp-json\/wp\/v2\/posts\/15251","targetHints":{"allow":["GET"]}}],"collection":[{"href":"https:\/\/www.ff-sarstedt.de\/stadt\/wp-json\/wp\/v2\/posts"}],"about":[{"href":"https:\/\/www.ff-sarstedt.de\/stadt\/wp-json\/wp\/v2\/types\/post"}],"author":[{"embeddable":true,"href":"https:\/\/www.ff-sarstedt.de\/stadt\/wp-json\/wp\/v2\/users\/18"}],"replies":[{"embeddable":true,"href":"https:\/\/www.ff-sarstedt.de\/stadt\/wp-json\/wp\/v2\/comments?post=15251"}],"version-history":[{"count":0,"href":"https:\/\/www.ff-sarstedt.de\/stadt\/wp-json\/wp\/v2\/posts\/15251\/revisions"}],"wp:attachment":[{"href":"https:\/\/www.ff-sarstedt.de\/stadt\/wp-json\/wp\/v2\/media?parent=15251"}],"wp:term":[{"taxonomy":"category","embeddable":true,"href":"https:\/\/www.ff-sarstedt.de\/stadt\/wp-json\/wp\/v2\/categories?post=15251"},{"taxonomy":"post_tag","embeddable":true,"href":"https:\/\/www.ff-sarstedt.de\/stadt\/wp-json\/wp\/v2\/tags?post=15251"}],"curies":[{"name":"wp","href":"https:\/\/api.w.org\/{rel}","templated":true}]}}