{"id":15256,"date":"2017-07-26T21:42:19","date_gmt":"2017-07-26T19:42:19","guid":{"rendered":"http:\/\/www.ff-sarstedt.de\/stadt\/?p=15256"},"modified":"2017-07-26T21:42:19","modified_gmt":"2017-07-26T19:42:19","slug":"letzte-meldung-fuer-den-26-07-2017","status":"publish","type":"post","link":"https:\/\/www.ff-sarstedt.de\/stadt\/archive\/15256","title":{"rendered":"Letzte Meldung f\u00fcr den 26.07.2017"},"content":{"rendered":"<p>Der Deichbau im Bereich \u201eAuf der Bleiche\u201c wird zur Sicherheit noch durchgef\u00fchrt obwohl die Pegelst\u00e4nde an der Leine und in Heinde fallen. Mit Niederschl\u00e4gen ist im Raum Hildesheim und im Harz heute Nacht nicht mehr zu rechnen. Ein Teil der eingesetzten Kr\u00e4fte kann heute Nacht den wohl verdienten Schlaf bekommen. Auch die Helfer aus der Bev\u00f6lkerung sehen dem Feierabend entgegen und wir bedanken uns im Namen der Stadt Sarstedt recht herzlich f\u00fcr die geleistete Hilfe.<\/p>\n<p>Nils Eichler<\/p>\n","protected":false},"excerpt":{"rendered":"<p>Der Deichbau im Bereich \u201eAuf der Bleiche\u201c wird zur Sicherheit noch durchgef\u00fchrt obwohl die Pegelst\u00e4nde an der Leine und in Heinde fallen. Mit Niederschl\u00e4gen ist im Raum Hildesheim und im Harz heute Nacht nicht mehr zu rechnen. Ein Teil der eingesetzten Kr\u00e4fte kann heute Nacht den wohl verdienten Schlaf bekommen. Auch die Helfer aus der [&hellip;]<\/p>\n","protected":false},"author":18,"featured_media":0,"comment_status":"closed","ping_status":"open","sticky":false,"template":"","format":"standard","meta":{"_monsterinsights_skip_tracking":false,"_monsterinsights_sitenote_active":false,"_monsterinsights_sitenote_note":"","_monsterinsights_sitenote_category":0,"footnotes":""},"categories":[1],"tags":[],"class_list":["post-15256","post","type-post","status-publish","format-standard","hentry","category-allgemein"],"aioseo_notices":[],"_links":{"self":[{"href":"https:\/\/www.ff-sarstedt.de\/stadt\/wp-json\/wp\/v2\/posts\/15256","targetHints":{"allow":["GET"]}}],"collection":[{"href":"https:\/\/www.ff-sarstedt.de\/stadt\/wp-json\/wp\/v2\/posts"}],"about":[{"href":"https:\/\/www.ff-sarstedt.de\/stadt\/wp-json\/wp\/v2\/types\/post"}],"author":[{"embeddable":true,"href":"https:\/\/www.ff-sarstedt.de\/stadt\/wp-json\/wp\/v2\/users\/18"}],"replies":[{"embeddable":true,"href":"https:\/\/www.ff-sarstedt.de\/stadt\/wp-json\/wp\/v2\/comments?post=15256"}],"version-history":[{"count":0,"href":"https:\/\/www.ff-sarstedt.de\/stadt\/wp-json\/wp\/v2\/posts\/15256\/revisions"}],"wp:attachment":[{"href":"https:\/\/www.ff-sarstedt.de\/stadt\/wp-json\/wp\/v2\/media?parent=15256"}],"wp:term":[{"taxonomy":"category","embeddable":true,"href":"https:\/\/www.ff-sarstedt.de\/stadt\/wp-json\/wp\/v2\/categories?post=15256"},{"taxonomy":"post_tag","embeddable":true,"href":"https:\/\/www.ff-sarstedt.de\/stadt\/wp-json\/wp\/v2\/tags?post=15256"}],"curies":[{"name":"wp","href":"https:\/\/api.w.org\/{rel}","templated":true}]}}