{"id":19411,"date":"2019-02-09T08:33:27","date_gmt":"2019-02-09T07:33:27","guid":{"rendered":"http:\/\/www.ff-sarstedt.de\/stadt\/?p=19411"},"modified":"2019-02-18T22:57:30","modified_gmt":"2019-02-18T21:57:30","slug":"personenunfall-mit-ice-auf-der-schnellfahrstrecke-ueber-400-fahrgaeste-evakuiert","status":"publish","type":"post","link":"https:\/\/www.ff-sarstedt.de\/stadt\/archive\/19411","title":{"rendered":"Personenunfall mit ICE auf der Schnellfahrstrecke &#8211; \u00fcber 400 Fahrg\u00e4ste evakuiert"},"content":{"rendered":"\n<p>Am Freitag Nachmittag ereignete sich auf der Schnellfahrstrecke der Bahn auf H\u00f6he der Wenderter Stra\u00dfe ein Personenunfall. Der Schnellzug, der von Hannover aus Richtung G\u00f6ttingen unterwegs war, leitete eine Vollbremsung ein und kam auf der Br\u00fccke des Giftener Sees, H\u00f6he Jeinser Weg zum Stehen.<\/p>\n\n\n\n<p>Die Feuerwehr und der Rettungsdienst wurden um 16:50 Uhr zur Einsatzstelle alarmiert. Nach Best\u00e4tigung, dass die Strecke gesperrt ist, konnte ein Teil der Kr\u00e4fte in den Zug, um das Wohlbefinden der Fahrg\u00e4ste zu \u00fcberpr\u00fcfen. In der Zeit machte sich eine zweite Einheit auf die Suche nach der Ursache. Bei km 18 (H\u00f6he Wenderter Stra\u00dfe) gab es dann die traurigie Gewissheit, dass hier ein Mensch sein Leben verloren hat.<\/p>\n\n\n\n<p>Der mittlerweile eingetroffene Notfallmanager der Bahn hat festgestellt, dass der Zug nicht mehr fahrtauglich ist und die Evakuierung der Fahrg\u00e4ste notwendig sein wird. Im vorderen Teil befanden sich zu diesem Zeitpunkt 174 Fahrg\u00e4ste und im hinteren 236. Daraunter ein Rollstuhlfahrer und ein Kinderwagen.<\/p>\n\n\n\n<p>Da bereits die Dunkelheit einsetzte musste der Bereich der Einsatzstelle gro\u00dffl\u00e4chig ausgeluchtet werden. Fast alle Fahrzeuge der Stadtfeuerwehr Sarstedt waren hierf\u00fcr erforderlich. Stadtbrandmeister R\u00fcdiger Schulz \u00fcbernahm die Gesamteinsatzleitung und koordinierte mit dem Notfallmanager das weitere Vorgehen.<\/p>\n\n\n\n<p>Da die Fahrstrecke sich in dem Teil auf Br\u00fccken befindet und ein Ausstieg aus dem Zug auf freier Strecke nur mit Leitern m\u00f6glich ist, wurde ein zweiter ICE angefordert, der parallel zum Unfallzug gefahren wurde. So k\u00f6nnten die Personen \u00fcber einen Behelfssteg, der zwischen den T\u00fcren der beiden Z\u00fcge gebaut wird, sicher umsteigen. <\/p>\n\n\n\n<p>Auch hierf\u00fcr war es notwendig, dass der Bereich der \u00dcberg\u00e4nge ausgeleuchtet wird. Die daf\u00fcr erforderlichen schweren Stromaggregate und Leuchtmittel mussten zun\u00e4chst auf die Br\u00fccke transportiert und dann weitere 400m bis zu den T\u00fcren getragen werden. <\/p>\n\n\n\n<p>Nach Abschluss der Vorarbeiten, konnte der Ersatzzug einfahren und die Behelfs\u00fcberg\u00e4nge eingerichtet werden. Die Fahrg\u00e4ste wurden alle ohne Probleme in den zweiten Zug geleitet. Dreieinhalb Stunden nach Schadensereignis konnte die doch sehr angespannten Fahrg\u00e4ste ihre Fahrt im Ersatzzug fortsetzen. F\u00fcr die Feuerwehr war nun noch der R\u00fcckbau der Einsatzmittel notwendig.<\/p>\n\n\n\n<p>Um 21 Uhr hat der Einsatzleiter der Feuerwehr die Einsatzstelle an den Notfallmanager \u00fcbergeben und alle 80 Einsatzkr\u00e4fte konnten zur St\u00e4rkung das Feuerwehrhaus Sarstedt anfahren.<\/p>\n\n\n\n<p> <br>Eingesetzte Fahrzeuge: <br><\/p>\n\n\n\n<figure class=\"wp-block-embed is-type-rich is-provider-einbetten\"><div class=\"wp-block-embed__wrapper\">\n<blockquote class=\"wp-embedded-content\" data-secret=\"tcs0wlvmAw\"><a href=\"https:\/\/www.ff-sarstedt.de\/stadt\/archive\/einsaetze\/ff-sarstedt-hm1-bahn-person-unter-zug\">FF Sarstedt | HM1 &#8211; Bahn (Person unter Zug)<\/a><\/blockquote><iframe loading=\"lazy\" title=\"&#8222;FF Sarstedt | HM1 &#8211; Bahn (Person unter Zug)&#8220; &#8212; \" class=\"wp-embedded-content\" sandbox=\"allow-scripts\" security=\"restricted\" style=\"position: absolute; clip: rect(1px, 1px, 1px, 1px);\" src=\"https:\/\/www.ff-sarstedt.de\/stadt\/archive\/einsaetze\/ff-sarstedt-hm1-bahn-person-unter-zug\/embed#?secret=tcs0wlvmAw\" data-secret=\"tcs0wlvmAw\" width=\"600\" height=\"338\" frameborder=\"0\" marginwidth=\"0\" marginheight=\"0\" scrolling=\"no\"><\/iframe>\n<\/div><\/figure>\n","protected":false},"excerpt":{"rendered":"<p>Am Freitag Nachmittag ereignete sich auf der Schnellfahrstrecke der Bahn auf H\u00f6he der Wenderter Stra\u00dfe ein Personenunfall. Der Schnellzug, der von Hannover aus Richtung G\u00f6ttingen unterwegs war, leitete eine Vollbremsung ein und kam auf der Br\u00fccke des Giftener Sees, H\u00f6he Jeinser Weg zum Stehen. Die Feuerwehr und der Rettungsdienst wurden um 16:50 Uhr zur Einsatzstelle [&hellip;]<\/p>\n","protected":false},"author":1,"featured_media":19412,"comment_status":"closed","ping_status":"open","sticky":false,"template":"","format":"standard","meta":{"_monsterinsights_skip_tracking":false,"_monsterinsights_sitenote_active":false,"_monsterinsights_sitenote_note":"","_monsterinsights_sitenote_category":0,"footnotes":""},"categories":[42,16,62,13,61,18,60,26,40],"tags":[],"class_list":["post-19411","post","type-post","status-publish","format-standard","has-post-thumbnail","hentry","category-einsatzabteilung","category-giften","category-heisede","category-hilfeleistung","category-hotteln","category-ruthe","category-sarstedt","category-schliekum","category-stadtfeuerwehr"],"aioseo_notices":[],"_links":{"self":[{"href":"https:\/\/www.ff-sarstedt.de\/stadt\/wp-json\/wp\/v2\/posts\/19411","targetHints":{"allow":["GET"]}}],"collection":[{"href":"https:\/\/www.ff-sarstedt.de\/stadt\/wp-json\/wp\/v2\/posts"}],"about":[{"href":"https:\/\/www.ff-sarstedt.de\/stadt\/wp-json\/wp\/v2\/types\/post"}],"author":[{"embeddable":true,"href":"https:\/\/www.ff-sarstedt.de\/stadt\/wp-json\/wp\/v2\/users\/1"}],"replies":[{"embeddable":true,"href":"https:\/\/www.ff-sarstedt.de\/stadt\/wp-json\/wp\/v2\/comments?post=19411"}],"version-history":[{"count":0,"href":"https:\/\/www.ff-sarstedt.de\/stadt\/wp-json\/wp\/v2\/posts\/19411\/revisions"}],"wp:featuredmedia":[{"embeddable":true,"href":"https:\/\/www.ff-sarstedt.de\/stadt\/wp-json\/wp\/v2\/media\/19412"}],"wp:attachment":[{"href":"https:\/\/www.ff-sarstedt.de\/stadt\/wp-json\/wp\/v2\/media?parent=19411"}],"wp:term":[{"taxonomy":"category","embeddable":true,"href":"https:\/\/www.ff-sarstedt.de\/stadt\/wp-json\/wp\/v2\/categories?post=19411"},{"taxonomy":"post_tag","embeddable":true,"href":"https:\/\/www.ff-sarstedt.de\/stadt\/wp-json\/wp\/v2\/tags?post=19411"}],"curies":[{"name":"wp","href":"https:\/\/api.w.org\/{rel}","templated":true}]}}