{"id":21381,"date":"2019-09-27T22:04:05","date_gmt":"2019-09-27T20:04:05","guid":{"rendered":"http:\/\/www.ff-sarstedt.de\/stadt\/?p=21381"},"modified":"2019-09-28T10:32:21","modified_gmt":"2019-09-28T08:32:21","slug":"bab7-vu-2-pkw","status":"publish","type":"post","link":"https:\/\/www.ff-sarstedt.de\/stadt\/archive\/21381","title":{"rendered":"BAB7 &#8211; VU 2 PKW"},"content":{"rendered":"\n<p>Am 27.09.2019 um 16:27 werden die Meldeempf\u00e4nger der Ortsfeuerwehr Hotteln ausgel\u00f6st. Auf der H\u00f6he von Harsum waren 2 PKW zusammengeprallt und blockierten alle 3 Fahrspuren. Gl\u00fccklicherweise war nur 1 Person verletzt und musste \u00e4rztlich versorgt werden.\u00a0<\/p>\n<p>Bei Vollsperrung mussten die ausgelaufenen Betriebsstoffe abgestreut und die Unfallstelle aufger\u00e4umt werden, bevor die Polizei wieder eine Spur freigab.\u00a0<\/p>\n<p>Einsatzleiter Christian Eggert r\u00fcckte mit beiden Hottelner Fahrzeugen und 1 Einsatzkr\u00e4ften gegen 17:30 wieder in den Standort ein.<\/p>\n<p>\u00a0<\/p>\n\n\n\n<figure class=\"wp-block-image\"><img loading=\"lazy\" decoding=\"async\" width=\"1200\" height=\"900\" src=\"https:\/\/www.ff-sarstedt.de\/stadt\/wp-content\/uploads\/2019\/09\/img-20190927-wa0006-1626962791143280042-1200x900.jpg\" alt=\"\" class=\"wp-image-21383\"\/><\/figure>\n","protected":false},"excerpt":{"rendered":"<p>Am 27.09.2019 um 16:27 werden die Meldeempf\u00e4nger der Ortsfeuerwehr Hotteln ausgel\u00f6st. Auf der H\u00f6he von Harsum waren 2 PKW zusammengeprallt und blockierten alle 3 Fahrspuren. Gl\u00fccklicherweise war nur 1 Person verletzt und musste \u00e4rztlich versorgt werden.\u00a0 Bei Vollsperrung mussten die ausgelaufenen Betriebsstoffe abgestreut und die Unfallstelle aufger\u00e4umt werden, bevor die Polizei wieder eine Spur freigab.\u00a0 [&hellip;]<\/p>\n","protected":false},"author":7,"featured_media":21379,"comment_status":"closed","ping_status":"open","sticky":false,"template":"","format":"standard","meta":{"_monsterinsights_skip_tracking":false,"_monsterinsights_sitenote_active":false,"_monsterinsights_sitenote_note":"","_monsterinsights_sitenote_category":0,"footnotes":""},"categories":[1,42,13,61],"tags":[],"class_list":["post-21381","post","type-post","status-publish","format-standard","has-post-thumbnail","hentry","category-allgemein","category-einsatzabteilung","category-hilfeleistung","category-hotteln"],"aioseo_notices":[],"_links":{"self":[{"href":"https:\/\/www.ff-sarstedt.de\/stadt\/wp-json\/wp\/v2\/posts\/21381","targetHints":{"allow":["GET"]}}],"collection":[{"href":"https:\/\/www.ff-sarstedt.de\/stadt\/wp-json\/wp\/v2\/posts"}],"about":[{"href":"https:\/\/www.ff-sarstedt.de\/stadt\/wp-json\/wp\/v2\/types\/post"}],"author":[{"embeddable":true,"href":"https:\/\/www.ff-sarstedt.de\/stadt\/wp-json\/wp\/v2\/users\/7"}],"replies":[{"embeddable":true,"href":"https:\/\/www.ff-sarstedt.de\/stadt\/wp-json\/wp\/v2\/comments?post=21381"}],"version-history":[{"count":0,"href":"https:\/\/www.ff-sarstedt.de\/stadt\/wp-json\/wp\/v2\/posts\/21381\/revisions"}],"wp:featuredmedia":[{"embeddable":true,"href":"https:\/\/www.ff-sarstedt.de\/stadt\/wp-json\/wp\/v2\/media\/21379"}],"wp:attachment":[{"href":"https:\/\/www.ff-sarstedt.de\/stadt\/wp-json\/wp\/v2\/media?parent=21381"}],"wp:term":[{"taxonomy":"category","embeddable":true,"href":"https:\/\/www.ff-sarstedt.de\/stadt\/wp-json\/wp\/v2\/categories?post=21381"},{"taxonomy":"post_tag","embeddable":true,"href":"https:\/\/www.ff-sarstedt.de\/stadt\/wp-json\/wp\/v2\/tags?post=21381"}],"curies":[{"name":"wp","href":"https:\/\/api.w.org\/{rel}","templated":true}]}}