{"id":22285,"date":"2020-02-23T13:12:36","date_gmt":"2020-02-23T12:12:36","guid":{"rendered":"http:\/\/www.ff-sarstedt.de\/stadt\/?p=22285"},"modified":"2020-02-23T13:12:38","modified_gmt":"2020-02-23T12:12:38","slug":"brandheiss-brandschutzerzieher-zu-gast-beim-miniclub-goedringen","status":"publish","type":"post","link":"https:\/\/www.ff-sarstedt.de\/stadt\/archive\/22285","title":{"rendered":"Brandhei\u00df &#8211; Brandschutzerzieher zu Gast beim Miniclub G\u00f6dringen"},"content":{"rendered":"\n<p>Am vergangenen Freitag startete die Kinderfeuerwehr G\u00f6dringen direkt mit einem brandhei\u00dfen Dienst in das neue Jahr: Brandschutzerziehung stand auf dem Plan. Extra f\u00fcr den Dienst angereist: Unsere beiden Brandschutzerzieher der Feuerwehr Sarstedt, Lars Kuntze und  Nils Arnold. <\/p>\n\n\n\n<p>Nils und Lars vermittelten den Kinder alles Wissenswerte rund um das Thema Feuer, sowie das richtige Verhalten bei einem Brandfall. Von den Vorraussetzungen f\u00fcr einen Brand, \u00fcber die Art und Weise Feuer zu bek\u00e4mpfen, bis hin zum Absetzen des Notrufes, wurden alle wichtigen Themen besprochen. Die Kinder erfuhren, welche Gefahren vom Feuer bzw. dem Brandrauch ausgehen und dar\u00fcber hinaus auch, wie sie sich und andere sch\u00fctzen k\u00f6nnen. Neben den eher theoretischen Themen durften die Kinder auch immer wieder selbst aktiv werden. So galt es zum Beispiel, unter den wachsamen Augen der Brandschutzerzieher, eine Kerze mit Wasser zu l\u00f6schen oder mit einem Becherglas zu ersticken. Die Kinder hatten eine Menge Spa\u00df und luden die beiden Brandschutzerzieher, am Ende des Dienstes, ein, uns ganz bald wieder zu Besuchen. <\/p>\n\n\n\n<p>An dieser Stelle m\u00f6chten wir, vom Miniclub G\u00f6dringen, uns noch einmal ganz herzlich bei Lars und Nils f\u00fcr den tollen Dienst und ihr Engagement im Allgemeinen bedanken. Wir freuen uns schon auf den n\u00e4chsten Dienst mit euch!<\/p>\n\n\n\n<p>Beim n\u00e4chsten Dienst, am 06.03.2020 (um 17:00 Uhr am Feuerwehrger\u00e4tehaus G\u00f6dringen), geht es dann direkt nahtlos mit dem spannenden Thema &#8220;Schutzausr\u00fcstung der Feuerwehr&#8221; weiter. Alle interessierten Kinder zwischen 6 und 10 Jahren sind herzlich eingeladen!<\/p>\n\n\n\n<figure class=\"wp-block-gallery columns-3 is-cropped wp-block-gallery-1 is-layout-flex wp-block-gallery-is-layout-flex\"><ul class=\"blocks-gallery-grid\"><li class=\"blocks-gallery-item\"><figure><a href=\"https:\/\/www.ff-sarstedt.de\/stadt\/wp-content\/uploads\/2020\/02\/19800101000224-scaled.jpg\" rel=\"lightbox[22285]\"><img loading=\"lazy\" decoding=\"async\" width=\"1200\" height=\"675\" src=\"https:\/\/www.ff-sarstedt.de\/stadt\/wp-content\/uploads\/2020\/02\/19800101000224-1200x675.jpg\" alt=\"\" data-id=\"22288\" data-full-url=\"https:\/\/www.ff-sarstedt.de\/stadt\/wp-content\/uploads\/2020\/02\/19800101000224-scaled.jpg\" data-link=\"https:\/\/www.ff-sarstedt.de\/stadt\/?attachment_id=22288\" class=\"wp-image-22288\"\/><\/a><\/figure><\/li><li class=\"blocks-gallery-item\"><figure><a href=\"https:\/\/www.ff-sarstedt.de\/stadt\/wp-content\/uploads\/2020\/02\/IMG-20200221-WA0002.jpg\" rel=\"lightbox[22285]\"><img loading=\"lazy\" decoding=\"async\" width=\"1200\" height=\"900\" src=\"https:\/\/www.ff-sarstedt.de\/stadt\/wp-content\/uploads\/2020\/02\/IMG-20200221-WA0002-1200x900.jpg\" alt=\"\" data-id=\"22289\" data-full-url=\"https:\/\/www.ff-sarstedt.de\/stadt\/wp-content\/uploads\/2020\/02\/IMG-20200221-WA0002.jpg\" data-link=\"https:\/\/www.ff-sarstedt.de\/stadt\/?attachment_id=22289\" class=\"wp-image-22289\"\/><\/a><\/figure><\/li><li class=\"blocks-gallery-item\"><figure><a href=\"https:\/\/www.ff-sarstedt.de\/stadt\/wp-content\/uploads\/2020\/02\/IMG-20200221-WA0008.jpg\" rel=\"lightbox[22285]\"><img loading=\"lazy\" decoding=\"async\" width=\"1200\" height=\"900\" src=\"https:\/\/www.ff-sarstedt.de\/stadt\/wp-content\/uploads\/2020\/02\/IMG-20200221-WA0008-1200x900.jpg\" alt=\"\" data-id=\"22290\" data-full-url=\"https:\/\/www.ff-sarstedt.de\/stadt\/wp-content\/uploads\/2020\/02\/IMG-20200221-WA0008.jpg\" data-link=\"https:\/\/www.ff-sarstedt.de\/stadt\/?attachment_id=22290\" class=\"wp-image-22290\"\/><\/a><\/figure><\/li><li class=\"blocks-gallery-item\"><figure><a href=\"https:\/\/www.ff-sarstedt.de\/stadt\/wp-content\/uploads\/2020\/02\/IMG-20200221-WA0010.jpg\" rel=\"lightbox[22285]\"><img loading=\"lazy\" decoding=\"async\" width=\"1200\" height=\"900\" src=\"https:\/\/www.ff-sarstedt.de\/stadt\/wp-content\/uploads\/2020\/02\/IMG-20200221-WA0010-1200x900.jpg\" alt=\"\" data-id=\"22291\" data-full-url=\"https:\/\/www.ff-sarstedt.de\/stadt\/wp-content\/uploads\/2020\/02\/IMG-20200221-WA0010.jpg\" data-link=\"https:\/\/www.ff-sarstedt.de\/stadt\/?attachment_id=22291\" class=\"wp-image-22291\"\/><\/a><\/figure><\/li><\/ul><\/figure>\n","protected":false},"excerpt":{"rendered":"<p>Am vergangenen Freitag startete die Kinderfeuerwehr G\u00f6dringen direkt mit einem brandhei\u00dfen Dienst in das neue Jahr: Brandschutzerziehung stand auf dem Plan. Extra f\u00fcr den Dienst angereist: Unsere beiden Brandschutzerzieher der Feuerwehr Sarstedt, Lars Kuntze und Nils Arnold. Nils und Lars vermittelten den Kinder alles Wissenswerte rund um das Thema Feuer, sowie das richtige Verhalten bei [&hellip;]<\/p>\n","protected":false},"author":36,"featured_media":22290,"comment_status":"closed","ping_status":"open","sticky":false,"template":"","format":"standard","meta":{"_monsterinsights_skip_tracking":false,"_monsterinsights_sitenote_active":false,"_monsterinsights_sitenote_note":"","_monsterinsights_sitenote_category":0,"footnotes":""},"categories":[32,39,63,59,58,14],"tags":[],"class_list":["post-22285","post","type-post","status-publish","format-standard","has-post-thumbnail","hentry","category-abteilung","category-einsatz","category-goedringen","category-kinderfeuerwehr","category-ortsfeuerwehr","category-ausbildung"],"aioseo_notices":[],"_links":{"self":[{"href":"https:\/\/www.ff-sarstedt.de\/stadt\/wp-json\/wp\/v2\/posts\/22285","targetHints":{"allow":["GET"]}}],"collection":[{"href":"https:\/\/www.ff-sarstedt.de\/stadt\/wp-json\/wp\/v2\/posts"}],"about":[{"href":"https:\/\/www.ff-sarstedt.de\/stadt\/wp-json\/wp\/v2\/types\/post"}],"author":[{"embeddable":true,"href":"https:\/\/www.ff-sarstedt.de\/stadt\/wp-json\/wp\/v2\/users\/36"}],"replies":[{"embeddable":true,"href":"https:\/\/www.ff-sarstedt.de\/stadt\/wp-json\/wp\/v2\/comments?post=22285"}],"version-history":[{"count":0,"href":"https:\/\/www.ff-sarstedt.de\/stadt\/wp-json\/wp\/v2\/posts\/22285\/revisions"}],"wp:featuredmedia":[{"embeddable":true,"href":"https:\/\/www.ff-sarstedt.de\/stadt\/wp-json\/wp\/v2\/media\/22290"}],"wp:attachment":[{"href":"https:\/\/www.ff-sarstedt.de\/stadt\/wp-json\/wp\/v2\/media?parent=22285"}],"wp:term":[{"taxonomy":"category","embeddable":true,"href":"https:\/\/www.ff-sarstedt.de\/stadt\/wp-json\/wp\/v2\/categories?post=22285"},{"taxonomy":"post_tag","embeddable":true,"href":"https:\/\/www.ff-sarstedt.de\/stadt\/wp-json\/wp\/v2\/tags?post=22285"}],"curies":[{"name":"wp","href":"https:\/\/api.w.org\/{rel}","templated":true}]}}