{"id":22297,"date":"2020-02-24T22:58:34","date_gmt":"2020-02-24T21:58:34","guid":{"rendered":"http:\/\/www.ff-sarstedt.de\/stadt\/?p=22297"},"modified":"2020-02-24T22:58:46","modified_gmt":"2020-02-24T21:58:46","slug":"treibgut-an-der-leinebruecke-4","status":"publish","type":"post","link":"https:\/\/www.ff-sarstedt.de\/stadt\/archive\/22297","title":{"rendered":"Treibgut an der Leinebr\u00fccke"},"content":{"rendered":"\n<p>Am Montagvormittag wurde die Ortsfeuerwehr Schliekum zur Treibgutbeseitigung an die Schliekumer Leinebr\u00fccke alarmiert.<\/p>\n<p>Mit dem steigenden Wasserstand war auch wieder vermehrt Treibgut die Leine herunter getrieben. In der Nacht von Sonntag auf Montag blieb eine m\u00e4chtige Pappel an einem der Eisbrecher der Br\u00fccke h\u00e4ngen. An einem weiteren Eisbrecher hatten sich kleinere \u00c4ste, St\u00e4mme und allerlei Gras angesammelt.\u00a0\u00a0<\/p>\n<p>Zun\u00e4chst hatte der Bauhof der Stadt Sarstedt versucht, das Treibgut zu l\u00f6sen, damit sich kein weiteres Treibgut ansammelt. Zum Teil gelang dies auch. Doch insbesondere der m\u00e4chtige Pappelstamm bewegte sich nicht. Zur Unterst\u00fctzung wurde daher die Schliekumer Feuerwehr sowie die Drehleiter der Ortsfeuerwehr Sarstedt alarmiert. Aus dem Korb der Drehleiter heraus gelang es, ein Seil an dem Stamm zu befestigen. Mit der Zugkraft eines Radladers konnte der Stamm dann gel\u00f6st werden.<\/p>\n<p>Anschlie\u00dfend wurde auch das restliche Treibgut mit vereinten Kr\u00e4ften beseitigt.<\/p>\n<p>\u00a0<\/p>\n\n\n\n<figure class=\"wp-block-gallery columns-3 is-cropped wp-block-gallery-1 is-layout-flex wp-block-gallery-is-layout-flex\"><ul class=\"blocks-gallery-grid\"><li class=\"blocks-gallery-item\"><figure><a href=\"https:\/\/www.ff-sarstedt.de\/stadt\/wp-content\/uploads\/2020\/02\/2020-02-24-07.31.14-scaled-e1582580406180.jpg\" rel=\"lightbox[22297]\"><img loading=\"lazy\" decoding=\"async\" width=\"900\" height=\"1200\" src=\"https:\/\/www.ff-sarstedt.de\/stadt\/wp-content\/uploads\/2020\/02\/2020-02-24-07.31.14-900x1200.jpg\" alt=\"\" data-id=\"22302\" data-full-url=\"https:\/\/www.ff-sarstedt.de\/stadt\/wp-content\/uploads\/2020\/02\/2020-02-24-07.31.14-scaled-e1582580406180.jpg\" data-link=\"https:\/\/www.ff-sarstedt.de\/stadt\/dav-65\" class=\"wp-image-22302\"\/><\/a><\/figure><\/li><li class=\"blocks-gallery-item\"><figure><a href=\"https:\/\/www.ff-sarstedt.de\/stadt\/wp-content\/uploads\/2020\/02\/2020-02-24-07.49.05-scaled-e1582580533283.jpg\" rel=\"lightbox[22297]\"><img loading=\"lazy\" decoding=\"async\" width=\"900\" height=\"1200\" src=\"https:\/\/www.ff-sarstedt.de\/stadt\/wp-content\/uploads\/2020\/02\/2020-02-24-07.49.05-900x1200.jpg\" alt=\"\" data-id=\"22307\" data-full-url=\"https:\/\/www.ff-sarstedt.de\/stadt\/wp-content\/uploads\/2020\/02\/2020-02-24-07.49.05-scaled-e1582580533283.jpg\" data-link=\"https:\/\/www.ff-sarstedt.de\/stadt\/dav-66\" class=\"wp-image-22307\"\/><\/a><\/figure><\/li><li class=\"blocks-gallery-item\"><figure><a href=\"https:\/\/www.ff-sarstedt.de\/stadt\/wp-content\/uploads\/2020\/02\/2020-02-24-09.33.48-scaled-e1582580389506.jpg\" rel=\"lightbox[22297]\"><img loading=\"lazy\" decoding=\"async\" width=\"1200\" height=\"900\" src=\"https:\/\/www.ff-sarstedt.de\/stadt\/wp-content\/uploads\/2020\/02\/2020-02-24-09.33.48-1200x900.jpg\" alt=\"\" data-id=\"22303\" data-full-url=\"https:\/\/www.ff-sarstedt.de\/stadt\/wp-content\/uploads\/2020\/02\/2020-02-24-09.33.48-scaled-e1582580389506.jpg\" data-link=\"https:\/\/www.ff-sarstedt.de\/stadt\/dig-10\" class=\"wp-image-22303\"\/><\/a><\/figure><\/li><li class=\"blocks-gallery-item\"><figure><a href=\"https:\/\/www.ff-sarstedt.de\/stadt\/wp-content\/uploads\/2020\/02\/2020-02-24-09.36.49-scaled-e1582580369273.jpg\" rel=\"lightbox[22297]\"><img loading=\"lazy\" decoding=\"async\" width=\"900\" height=\"1200\" src=\"https:\/\/www.ff-sarstedt.de\/stadt\/wp-content\/uploads\/2020\/02\/2020-02-24-09.36.49-900x1200.jpg\" alt=\"\" data-id=\"22304\" data-full-url=\"https:\/\/www.ff-sarstedt.de\/stadt\/wp-content\/uploads\/2020\/02\/2020-02-24-09.36.49-scaled-e1582580369273.jpg\" data-link=\"https:\/\/www.ff-sarstedt.de\/stadt\/sdr-38\" class=\"wp-image-22304\"\/><\/a><\/figure><\/li><li class=\"blocks-gallery-item\"><figure><a href=\"https:\/\/www.ff-sarstedt.de\/stadt\/wp-content\/uploads\/2020\/02\/IMG-20200224-WA0007-e1582580584618.jpg\" rel=\"lightbox[22297]\"><img loading=\"lazy\" decoding=\"async\" width=\"675\" height=\"1200\" src=\"https:\/\/www.ff-sarstedt.de\/stadt\/wp-content\/uploads\/2020\/02\/IMG-20200224-WA0007-675x1200.jpg\" alt=\"\" data-id=\"22305\" data-full-url=\"https:\/\/www.ff-sarstedt.de\/stadt\/wp-content\/uploads\/2020\/02\/IMG-20200224-WA0007-e1582580584618.jpg\" data-link=\"https:\/\/www.ff-sarstedt.de\/stadt\/img-20200224-wa0007\" class=\"wp-image-22305\"\/><\/a><\/figure><\/li><\/ul><\/figure>\n","protected":false},"excerpt":{"rendered":"<p>Am Montagvormittag wurde die Ortsfeuerwehr Schliekum zur Treibgutbeseitigung an die Schliekumer Leinebr\u00fccke alarmiert. Mit dem steigenden Wasserstand war auch wieder vermehrt Treibgut die Leine herunter getrieben. In der Nacht von Sonntag auf Montag blieb eine m\u00e4chtige Pappel an einem der Eisbrecher der Br\u00fccke h\u00e4ngen. An einem weiteren Eisbrecher hatten sich kleinere \u00c4ste, St\u00e4mme und allerlei [&hellip;]<\/p>\n","protected":false},"author":19,"featured_media":22306,"comment_status":"closed","ping_status":"open","sticky":false,"template":"","format":"standard","meta":{"_monsterinsights_skip_tracking":false,"_monsterinsights_sitenote_active":false,"_monsterinsights_sitenote_note":"","_monsterinsights_sitenote_category":0,"footnotes":""},"categories":[32,42,39,13,58,60,26],"tags":[],"class_list":["post-22297","post","type-post","status-publish","format-standard","has-post-thumbnail","hentry","category-abteilung","category-einsatzabteilung","category-einsatz","category-hilfeleistung","category-ortsfeuerwehr","category-sarstedt","category-schliekum"],"aioseo_notices":[],"_links":{"self":[{"href":"https:\/\/www.ff-sarstedt.de\/stadt\/wp-json\/wp\/v2\/posts\/22297","targetHints":{"allow":["GET"]}}],"collection":[{"href":"https:\/\/www.ff-sarstedt.de\/stadt\/wp-json\/wp\/v2\/posts"}],"about":[{"href":"https:\/\/www.ff-sarstedt.de\/stadt\/wp-json\/wp\/v2\/types\/post"}],"author":[{"embeddable":true,"href":"https:\/\/www.ff-sarstedt.de\/stadt\/wp-json\/wp\/v2\/users\/19"}],"replies":[{"embeddable":true,"href":"https:\/\/www.ff-sarstedt.de\/stadt\/wp-json\/wp\/v2\/comments?post=22297"}],"version-history":[{"count":0,"href":"https:\/\/www.ff-sarstedt.de\/stadt\/wp-json\/wp\/v2\/posts\/22297\/revisions"}],"wp:featuredmedia":[{"embeddable":true,"href":"https:\/\/www.ff-sarstedt.de\/stadt\/wp-json\/wp\/v2\/media\/22306"}],"wp:attachment":[{"href":"https:\/\/www.ff-sarstedt.de\/stadt\/wp-json\/wp\/v2\/media?parent=22297"}],"wp:term":[{"taxonomy":"category","embeddable":true,"href":"https:\/\/www.ff-sarstedt.de\/stadt\/wp-json\/wp\/v2\/categories?post=22297"},{"taxonomy":"post_tag","embeddable":true,"href":"https:\/\/www.ff-sarstedt.de\/stadt\/wp-json\/wp\/v2\/tags?post=22297"}],"curies":[{"name":"wp","href":"https:\/\/api.w.org\/{rel}","templated":true}]}}