{"id":23561,"date":"2020-12-19T21:53:58","date_gmt":"2020-12-19T20:53:58","guid":{"rendered":"http:\/\/www.ff-sarstedt.de\/stadt\/?p=23561"},"modified":"2021-01-24T09:37:15","modified_gmt":"2021-01-24T08:37:15","slug":"ortsfeuerwehr-sarstedt-erhaelt-neue-drehleiter","status":"publish","type":"post","link":"https:\/\/www.ff-sarstedt.de\/stadt\/archive\/23561","title":{"rendered":"Ortsfeuerwehr Sarstedt erh\u00e4lt neue Drehleiter"},"content":{"rendered":"\n<p>Die Bescherung fand f\u00fcr die Ortsfeuerwehr Sarstedt dieses Jahr bereits am 18. Dezember statt. Denn an diesem Tag hat die Ortsfeuerwehr nach langem Warten endlich ihre <a href=\"https:\/\/www.ff-sarstedt.de\/stadt\/sarstedt-1\/technik\/2-zug\/dlak-23-12-gl\">neue Drehleiter<\/a> vom Typ L32A-XS 3.0 des Herstellers <a href=\"https:\/\/www.rosenbauer.com\/de\/de\/world\/fahrzeuge\/hubrettungs-fahrzeuge\/drehleitern\">Rosenbauer<\/a> erhalten. Doch wie so vieles im Coronajahr war auch diese Fahrzeug\u00fcbergabe so ganz anders, als man sich das vorgestellt hatte. Anders als \u00fcblich wurde das Fahrzeug nicht durch eigene Kr\u00e4fte im Werk abgeholt sondern durch den Hersteller direkt nach Sarstedt geliefert. Vor Ort gab es dann unter strengen Hygieneregeln eine formale \u00dcbergabe an den Stadtbrandmeister Jens Klug und seinen Stellvertreter Sebastian Blaut, der zugleich auch stellvertretender Ortsbrandmeister der Ortsfeuerwehr Sarstedt ist. Ohne Musik, ohne Feier, ohne G\u00e4ste und vor Allem ohne die Kameradinnen und Kameraden der Wehr. Anders als \u00fcblich. Corona eben.<\/p>\n<p>Damit das neue Fahrzeug nun m\u00f6glichst schnell das 25 Jahre <a href=\"https:\/\/www.ff-sarstedt.de\/stadt\/sarstedt-1\/technik\/2-zug\/drehleiter-dlk-2312\">alte Vorg\u00e4ngerfahrzeug<\/a> abl\u00f6sen kann, das in der Vergangenheit bereits mehrfach mit technischen Problemen ausgefallen war, begannen die Kameradinnen und Kameraden der Ortsfeuerwehr dann auch bereits am 19. Dezember mit einem ersten kurzen Ausbildungsdienst an dem neuen Fahrzeug. Wieder mit strengen Hygieneregeln und nur in Kleingruppen. Aber die Feuerwehr l\u00e4sst sich eben auch von einer Pandemie nicht aufhalten.<\/p>\n<p>Und die Feier? Die kann man nachholen.<\/p>\n<p>&nbsp;<\/p>\n","protected":false},"excerpt":{"rendered":"<p>Die Bescherung fand f\u00fcr die Ortsfeuerwehr Sarstedt dieses Jahr bereits am 18. Dezember statt. Denn an diesem Tag hat die Ortsfeuerwehr nach langem Warten endlich ihre neue Drehleiter erhalten.<\/p>\n","protected":false},"author":34,"featured_media":23564,"comment_status":"closed","ping_status":"open","sticky":false,"template":"","format":"standard","meta":{"_monsterinsights_skip_tracking":false,"_monsterinsights_sitenote_active":false,"_monsterinsights_sitenote_note":"","_monsterinsights_sitenote_category":0,"footnotes":""},"categories":[1,42,58,60],"tags":[737,738,739,537],"class_list":["post-23561","post","type-post","status-publish","format-standard","has-post-thumbnail","hentry","category-allgemein","category-einsatzabteilung","category-ortsfeuerwehr","category-sarstedt","tag-dlk","tag-fahrzeug","tag-neu","tag-sarstedt"],"aioseo_notices":[],"_links":{"self":[{"href":"https:\/\/www.ff-sarstedt.de\/stadt\/wp-json\/wp\/v2\/posts\/23561","targetHints":{"allow":["GET"]}}],"collection":[{"href":"https:\/\/www.ff-sarstedt.de\/stadt\/wp-json\/wp\/v2\/posts"}],"about":[{"href":"https:\/\/www.ff-sarstedt.de\/stadt\/wp-json\/wp\/v2\/types\/post"}],"author":[{"embeddable":true,"href":"https:\/\/www.ff-sarstedt.de\/stadt\/wp-json\/wp\/v2\/users\/34"}],"replies":[{"embeddable":true,"href":"https:\/\/www.ff-sarstedt.de\/stadt\/wp-json\/wp\/v2\/comments?post=23561"}],"version-history":[{"count":0,"href":"https:\/\/www.ff-sarstedt.de\/stadt\/wp-json\/wp\/v2\/posts\/23561\/revisions"}],"wp:featuredmedia":[{"embeddable":true,"href":"https:\/\/www.ff-sarstedt.de\/stadt\/wp-json\/wp\/v2\/media\/23564"}],"wp:attachment":[{"href":"https:\/\/www.ff-sarstedt.de\/stadt\/wp-json\/wp\/v2\/media?parent=23561"}],"wp:term":[{"taxonomy":"category","embeddable":true,"href":"https:\/\/www.ff-sarstedt.de\/stadt\/wp-json\/wp\/v2\/categories?post=23561"},{"taxonomy":"post_tag","embeddable":true,"href":"https:\/\/www.ff-sarstedt.de\/stadt\/wp-json\/wp\/v2\/tags?post=23561"}],"curies":[{"name":"wp","href":"https:\/\/api.w.org\/{rel}","templated":true}]}}