{"id":25270,"date":"2022-02-17T17:21:22","date_gmt":"2022-02-17T16:21:22","guid":{"rendered":"https:\/\/www.ff-sarstedt.de\/stadt\/?p=25270"},"modified":"2022-02-17T17:21:24","modified_gmt":"2022-02-17T16:21:24","slug":"sturmtief-ylenia-zeigt-ihre-kraft-im-stadtgebiet","status":"publish","type":"post","link":"https:\/\/www.ff-sarstedt.de\/stadt\/archive\/25270","title":{"rendered":"Sturmtief Ylenia zeigt Ihre Kraft im Stadtgebiet"},"content":{"rendered":"\n<p>Sturmtief Ylenia zeigte auch in Sarstedt seine Kraft, gegen 4 Uhr wurden die Kr\u00e4fte unserer Ortsfeuerwehr zu dem ersten Sturmschaden alarmiert, dieses Lagebild zog sich dann bis zum letzten Einsatz gegen 10:35 Uhr durch. Gegen 6 Uhr entschloss man sich dann, zur Entlastung und selbstst\u00e4ndigen Verteilung und Abarbeitung der Eins\u00e4tze, f\u00fcr eine Besetzung der \u00f6rtlichen Einsatzleitung im Feuerwehrhaus. Im Einsatz war die Feuerwehr Sarstedt, Feuerwehr Ruthe und die Feuerwehr Schliekum, au\u00dferdem unser Stadtbrandmeister Jens Klug und dessen Stellvertreter Dr. Lars Brinkmann.<br>Insgesamt fuhr die Feuerwehr 12 Eins\u00e4tze im Stadtgebiet Sarstedt, davon fuhren wir einmal mit der Drehleiter zur Unterst\u00fctzung nach Ahrbergen.<\/p>\n\n\n\n<div class=\"wp-block-jetpack-tiled-gallery aligncenter is-style-rectangular\"><div class=\"tiled-gallery__gallery\"><div class=\"tiled-gallery__row\"><div class=\"tiled-gallery__col\" style=\"flex-basis:63.01047%\"><figure class=\"tiled-gallery__item\"><img decoding=\"async\" alt=\"\" data-height=\"1600\" data-id=\"25278\" data-link=\"https:\/\/www.ff-sarstedt.de\/stadt\/6-3\" data-url=\"https:\/\/www.ff-sarstedt.de\/stadt\/wp-content\/uploads\/2022\/02\/6-901x1200.jpg\" data-width=\"1201\" src=\"https:\/\/i2.wp.com\/www.ff-sarstedt.de\/stadt\/wp-content\/uploads\/2022\/02\/6-901x1200.jpg?ssl=1\" data-amp-layout=\"responsive\"\/><\/figure><\/div><div class=\"tiled-gallery__col\" style=\"flex-basis:36.98953%\"><figure class=\"tiled-gallery__item\"><img decoding=\"async\" alt=\"\" data-height=\"1537\" data-id=\"25277\" data-link=\"https:\/\/www.ff-sarstedt.de\/stadt\/5-2\" data-url=\"https:\/\/www.ff-sarstedt.de\/stadt\/wp-content\/uploads\/2022\/02\/5-1200x901.jpg\" data-width=\"2048\" src=\"https:\/\/i2.wp.com\/www.ff-sarstedt.de\/stadt\/wp-content\/uploads\/2022\/02\/5-1200x901.jpg?ssl=1\" data-amp-layout=\"responsive\"\/><\/figure><figure class=\"tiled-gallery__item\"><img decoding=\"async\" alt=\"\" data-height=\"1201\" data-id=\"25276\" data-link=\"https:\/\/www.ff-sarstedt.de\/stadt\/4-5\" data-url=\"https:\/\/www.ff-sarstedt.de\/stadt\/wp-content\/uploads\/2022\/02\/4-1200x901.jpg\" data-width=\"1600\" src=\"https:\/\/i0.wp.com\/www.ff-sarstedt.de\/stadt\/wp-content\/uploads\/2022\/02\/4-1200x901.jpg?ssl=1\" data-amp-layout=\"responsive\"\/><\/figure><figure class=\"tiled-gallery__item\"><img decoding=\"async\" alt=\"\" data-height=\"1201\" data-id=\"25275\" data-link=\"https:\/\/www.ff-sarstedt.de\/stadt\/3-5\" data-url=\"https:\/\/www.ff-sarstedt.de\/stadt\/wp-content\/uploads\/2022\/02\/3-1200x901.jpg\" data-width=\"1600\" src=\"https:\/\/i2.wp.com\/www.ff-sarstedt.de\/stadt\/wp-content\/uploads\/2022\/02\/3-1200x901.jpg?ssl=1\" data-amp-layout=\"responsive\"\/><\/figure><\/div><\/div><div class=\"tiled-gallery__row\"><div class=\"tiled-gallery__col\" style=\"flex-basis:63.91913%\"><figure class=\"tiled-gallery__item\"><img decoding=\"async\" alt=\"\" data-height=\"1201\" data-id=\"25274\" data-link=\"https:\/\/www.ff-sarstedt.de\/stadt\/2-3\" data-url=\"https:\/\/www.ff-sarstedt.de\/stadt\/wp-content\/uploads\/2022\/02\/2-1200x901.jpg\" data-width=\"1600\" src=\"https:\/\/i2.wp.com\/www.ff-sarstedt.de\/stadt\/wp-content\/uploads\/2022\/02\/2-1200x901.jpg?ssl=1\" data-amp-layout=\"responsive\"\/><\/figure><\/div><div class=\"tiled-gallery__col\" style=\"flex-basis:36.08087%\"><figure class=\"tiled-gallery__item\"><img decoding=\"async\" alt=\"\" data-height=\"1156\" data-id=\"25273\" data-link=\"https:\/\/www.ff-sarstedt.de\/stadt\/1-3\" data-url=\"https:\/\/www.ff-sarstedt.de\/stadt\/wp-content\/uploads\/2022\/02\/1.jpg\" data-width=\"868\" src=\"https:\/\/i2.wp.com\/www.ff-sarstedt.de\/stadt\/wp-content\/uploads\/2022\/02\/1.jpg?ssl=1\" data-amp-layout=\"responsive\"\/><\/figure><\/div><\/div><\/div><\/div>\n","protected":false},"excerpt":{"rendered":"<p>Sturmtief Ylenia zeigte auch in Sarstedt seine Kraft, gegen 4 Uhr wurden die Kr\u00e4fte unserer Ortsfeuerwehr zu dem ersten Sturmschaden alarmiert, dieses Lagebild zog sich dann bis zum letzten Einsatz gegen 10:35 Uhr durch. Gegen 6 Uhr entschloss man sich dann, zur Entlastung und selbstst\u00e4ndigen Verteilung und Abarbeitung der Eins\u00e4tze, f\u00fcr eine Besetzung der \u00f6rtlichen [&hellip;]<\/p>\n","protected":false},"author":15,"featured_media":25277,"comment_status":"closed","ping_status":"open","sticky":false,"template":"","format":"standard","meta":{"_monsterinsights_skip_tracking":false,"_monsterinsights_sitenote_active":false,"_monsterinsights_sitenote_note":"","_monsterinsights_sitenote_category":0,"footnotes":""},"categories":[32,42,39,13,58,40],"tags":[557,713,560,537,805,856],"class_list":["post-25270","post","type-post","status-publish","format-standard","has-post-thumbnail","hentry","category-abteilung","category-einsatzabteilung","category-einsatz","category-hilfeleistung","category-ortsfeuerwehr","category-stadtfeuerwehr","tag-einsatz","tag-h0","tag-hilfeleistung","tag-sarstedt","tag-sturm","tag-ylenia"],"aioseo_notices":[],"_links":{"self":[{"href":"https:\/\/www.ff-sarstedt.de\/stadt\/wp-json\/wp\/v2\/posts\/25270","targetHints":{"allow":["GET"]}}],"collection":[{"href":"https:\/\/www.ff-sarstedt.de\/stadt\/wp-json\/wp\/v2\/posts"}],"about":[{"href":"https:\/\/www.ff-sarstedt.de\/stadt\/wp-json\/wp\/v2\/types\/post"}],"author":[{"embeddable":true,"href":"https:\/\/www.ff-sarstedt.de\/stadt\/wp-json\/wp\/v2\/users\/15"}],"replies":[{"embeddable":true,"href":"https:\/\/www.ff-sarstedt.de\/stadt\/wp-json\/wp\/v2\/comments?post=25270"}],"version-history":[{"count":0,"href":"https:\/\/www.ff-sarstedt.de\/stadt\/wp-json\/wp\/v2\/posts\/25270\/revisions"}],"wp:featuredmedia":[{"embeddable":true,"href":"https:\/\/www.ff-sarstedt.de\/stadt\/wp-json\/wp\/v2\/media\/25277"}],"wp:attachment":[{"href":"https:\/\/www.ff-sarstedt.de\/stadt\/wp-json\/wp\/v2\/media?parent=25270"}],"wp:term":[{"taxonomy":"category","embeddable":true,"href":"https:\/\/www.ff-sarstedt.de\/stadt\/wp-json\/wp\/v2\/categories?post=25270"},{"taxonomy":"post_tag","embeddable":true,"href":"https:\/\/www.ff-sarstedt.de\/stadt\/wp-json\/wp\/v2\/tags?post=25270"}],"curies":[{"name":"wp","href":"https:\/\/api.w.org\/{rel}","templated":true}]}}