{"id":29460,"date":"2025-01-26T20:42:18","date_gmt":"2025-01-26T19:42:18","guid":{"rendered":"https:\/\/www.ff-sarstedt.de\/stadt\/?p=29460"},"modified":"2025-01-26T20:42:20","modified_gmt":"2025-01-26T19:42:20","slug":"2024-230-einsaetze-30-menschen-gerettet","status":"publish","type":"post","link":"https:\/\/www.ff-sarstedt.de\/stadt\/archive\/29460","title":{"rendered":"2024 &#8211; 230 Eins\u00e4tze &#8211; 30 Menschen gerettet"},"content":{"rendered":"\n<p>Am vergangenen Samstag fand die 145. Jahreshauptversammlung der Schwerpunktfeuerwehr Sarstedt statt. Ortsbrandmeister Maik Kreutzkam er\u00f6ffnete die Veranstaltung nach einem gemeinsamen Essen, bei dem Kameradschaft und Austausch im Mittelpunkt standen. Im Fokus des Abends standen die beeindruckenden Zahlen, Daten und Fakten aus dem Jahr 2024 sowie zahlreiche Ehrungen und Bef\u00f6rderungen.<\/p>\n<h4>Leistungsstarke Feuerwehr<\/h4>\n<p>Im Jahr 2024 wurde die Feuerwehr Sarstedt zu insgesamt 230 Eins\u00e4tzen gerufen. Dabei konnten die Einsatzkr\u00e4fte 30 Menschen aus Notlagen retten. Diese Zahlen spiegeln die steigende hohe Einsatzbelastung der freiwilligen Helfer aber auch die Professionalit\u00e4t der Feuerwehrleute wider.<\/p>\n<h4>Ehrungen und Auszeichnungen<\/h4>\n<p>Im Rahmen der Versammlung wurden viele Mitglieder f\u00fcr ihre Leistungen und Verdienste geehrt:<\/p>\n<ul data-spread=\"false\">\n<li>\n<p><strong>Deutsches Feuerwehrfitnessabzeichen<\/strong>: R\u00fcdiger Schulz, Pascal Schulz, Bj\u00f6rn Schnabel und Friedrich Meyer erhielten diese Auszeichnung f\u00fcr ihre herausragende Fitness.<\/p>\n<\/li>\n<li>\n<p><strong>Dank f\u00fcr langj\u00e4hrigen Einsatz im Amt<\/strong>: Patrick Anders wurde mit einem Pr\u00e4sent geehrt, da er nach vielen Jahren aus dem Amt des Kassenwartes ausscheidet. Seine Nachfolge tritt Sebastian Oestreich an, der einstimmig gew\u00e4hlt wurde.<\/p>\n<\/li>\n<li>\n<p><strong>Besondere Leistung<\/strong>: Carsten Meyer erhielt ein Pr\u00e4sent f\u00fcr seine besonderen Verdienste im letzten Jahr. Ihm wurden zudem weitere Lehrg\u00e4nge zur Fortbildung zugesagt.<\/p>\n<\/li>\n<li>\n<p><strong>Bef\u00f6rderungen<\/strong>:<\/p>\n<ul data-spread=\"false\">\n<li>\n<p>Lucas Meyer: Vereidigung nach erfolgreichem Truppmannlehrgang und Bef\u00f6rderung zum Feuerwehrmann.<\/p>\n<\/li>\n<li>\n<p>Fabian Vehmeyer und Florian Hempel: Bef\u00f6rderung zu Hauptfeuerwehrm\u00e4nnern.<\/p>\n<\/li>\n<li>\n<p>Alexander Wedekind: Bef\u00f6rderung zum Oberl\u00f6schmeister.<\/p>\n<\/li>\n<li>\n<p>Marc Muntau: Bef\u00f6rderung zum Oberbrandmeister.<\/p>\n<\/li>\n<\/ul>\n<\/li>\n<\/ul>\n<h4>Langj\u00e4hrige Mitgliedschaft<\/h4>\n<p>Auch die langj\u00e4hrige Treue zur Feuerwehr wurde gew\u00fcrdigt:<\/p>\n<ul data-spread=\"false\">\n<li>\n<p>Thomas Meyer: Ehrung f\u00fcr 25 Jahre Mitgliedschaft.<\/p>\n<\/li>\n<li>\n<p>Nils Eichler und Thomas Arnold: Ehrung f\u00fcr 40 Jahre Mitgliedschaft.<\/p>\n<\/li>\n<li>\n<p>Frank Lukaschak: Ehrung f\u00fcr 50 Jahre Mitgliedschaft.<\/p>\n<\/li>\n<\/ul>\n<h4>Dankesworte der G\u00e4ste<\/h4>\n<p>Zum Abschluss der Veranstaltung richteten zahlreiche G\u00e4ste ihre Dankes- und Gru\u00dfworte an die Feuerwehr Sarstedt. Sie lobten die herausragende Arbeit und den Einsatz f\u00fcr die Gemeinschaft.<\/p>\n<p>Die 145. Jahreshauptversammlung zeigte einmal mehr die beeindruckende Leistungskraft und den starken Zusammenhalt der Feuerwehr Sarstedt. Ein herzliches Dankesch\u00f6n an alle, die zu diesem erfolgreichen Jahr beigetragen haben!<\/p>\n\n\n\n\n\n<figure class=\"wp-block-gallery has-nested-images columns-default is-cropped wp-block-gallery-1 is-layout-flex wp-block-gallery-is-layout-flex\">\n<figure class=\"wp-block-image size-large\"><img loading=\"lazy\" decoding=\"async\" width=\"1200\" height=\"900\" data-id=\"29464\" src=\"https:\/\/www.ff-sarstedt.de\/stadt\/wp-content\/uploads\/2025\/01\/IMG_1760-1200x900.jpeg\" alt=\"\" class=\"wp-image-29464\"\/><\/figure>\n\n\n\n\n\n<figure class=\"wp-block-image size-large\"><img loading=\"lazy\" decoding=\"async\" width=\"1200\" height=\"900\" data-id=\"29465\" src=\"https:\/\/www.ff-sarstedt.de\/stadt\/wp-content\/uploads\/2025\/01\/IMG_1753-1200x900.jpeg\" alt=\"\" class=\"wp-image-29465\"\/><\/figure>\n\n\n\n<figure class=\"wp-block-image size-large\"><img loading=\"lazy\" decoding=\"async\" width=\"900\" height=\"1200\" data-id=\"29462\" src=\"https:\/\/www.ff-sarstedt.de\/stadt\/wp-content\/uploads\/2025\/01\/IMG_1752-900x1200.jpeg\" alt=\"\" class=\"wp-image-29462\"\/><\/figure>\n\n\n\n<figure class=\"wp-block-image size-large\"><img loading=\"lazy\" decoding=\"async\" width=\"900\" height=\"1200\" data-id=\"29463\" src=\"https:\/\/www.ff-sarstedt.de\/stadt\/wp-content\/uploads\/2025\/01\/IMG_1742-900x1200.jpeg\" alt=\"\" class=\"wp-image-29463\"\/><\/figure>\n\n\n\n<figure class=\"wp-block-image size-large\"><img loading=\"lazy\" decoding=\"async\" width=\"1200\" height=\"900\" data-id=\"29466\" src=\"https:\/\/www.ff-sarstedt.de\/stadt\/wp-content\/uploads\/2025\/01\/IMG_1730-1200x900.jpeg\" alt=\"\" class=\"wp-image-29466\"\/><\/figure>\n<\/figure>\n","protected":false},"excerpt":{"rendered":"<p>Am vergangenen Samstag fand die 145. Jahreshauptversammlung der Schwerpunktfeuerwehr Sarstedt statt. Ortsbrandmeister Maik Kreutzkam er\u00f6ffnete die Veranstaltung nach einem gemeinsamen Essen, bei dem Kameradschaft und Austausch im Mittelpunkt standen. Im Fokus des Abends standen die beeindruckenden Zahlen, Daten und Fakten aus dem Jahr 2024 sowie zahlreiche Ehrungen und Bef\u00f6rderungen. Leistungsstarke Feuerwehr Im Jahr 2024 wurde [&hellip;]<\/p>\n","protected":false},"author":29,"featured_media":29461,"comment_status":"closed","ping_status":"open","sticky":false,"template":"","format":"standard","meta":{"_monsterinsights_skip_tracking":false,"_monsterinsights_sitenote_active":false,"_monsterinsights_sitenote_note":"","_monsterinsights_sitenote_category":0,"footnotes":""},"categories":[1,41,42,12,59,58,60],"tags":[538,537],"class_list":["post-29460","post","type-post","status-publish","format-standard","has-post-thumbnail","hentry","category-allgemein","category-alterskameraden","category-einsatzabteilung","category-jugendfeuerwehr","category-kinderfeuerwehr","category-ortsfeuerwehr","category-sarstedt","tag-ortsfeuerwehr-sarstedt","tag-sarstedt"],"aioseo_notices":[],"_links":{"self":[{"href":"https:\/\/www.ff-sarstedt.de\/stadt\/wp-json\/wp\/v2\/posts\/29460","targetHints":{"allow":["GET"]}}],"collection":[{"href":"https:\/\/www.ff-sarstedt.de\/stadt\/wp-json\/wp\/v2\/posts"}],"about":[{"href":"https:\/\/www.ff-sarstedt.de\/stadt\/wp-json\/wp\/v2\/types\/post"}],"author":[{"embeddable":true,"href":"https:\/\/www.ff-sarstedt.de\/stadt\/wp-json\/wp\/v2\/users\/29"}],"replies":[{"embeddable":true,"href":"https:\/\/www.ff-sarstedt.de\/stadt\/wp-json\/wp\/v2\/comments?post=29460"}],"version-history":[{"count":3,"href":"https:\/\/www.ff-sarstedt.de\/stadt\/wp-json\/wp\/v2\/posts\/29460\/revisions"}],"predecessor-version":[{"id":29469,"href":"https:\/\/www.ff-sarstedt.de\/stadt\/wp-json\/wp\/v2\/posts\/29460\/revisions\/29469"}],"wp:featuredmedia":[{"embeddable":true,"href":"https:\/\/www.ff-sarstedt.de\/stadt\/wp-json\/wp\/v2\/media\/29461"}],"wp:attachment":[{"href":"https:\/\/www.ff-sarstedt.de\/stadt\/wp-json\/wp\/v2\/media?parent=29460"}],"wp:term":[{"taxonomy":"category","embeddable":true,"href":"https:\/\/www.ff-sarstedt.de\/stadt\/wp-json\/wp\/v2\/categories?post=29460"},{"taxonomy":"post_tag","embeddable":true,"href":"https:\/\/www.ff-sarstedt.de\/stadt\/wp-json\/wp\/v2\/tags?post=29460"}],"curies":[{"name":"wp","href":"https:\/\/api.w.org\/{rel}","templated":true}]}}